{"id":107035,"date":"2024-09-02T23:25:00","date_gmt":"2024-09-02T20:25:00","guid":{"rendered":"https:\/\/shiawaves.com\/turkish\/?p=107035"},"modified":"2024-09-02T22:37:20","modified_gmt":"2024-09-02T19:37:20","slug":"imam-huseyin-a-sin-haremi-kerbela-arastirma-ve-arastirma-merkezi-mudurunun-sozlerinin-kisisel-gorusu-oldugunu-soyledi","status":"publish","type":"post","link":"https:\/\/shiawaves.com\/turkish\/2024\/09\/02\/imam-huseyin-a-sin-haremi-kerbela-arastirma-ve-arastirma-merkezi-mudurunun-sozlerinin-kisisel-gorusu-oldugunu-soyledi\/","title":{"rendered":"\u0130mam H\u00fcseyin (a.s)\u2019\u0131n Haremi, Kerbela Ara\u015ft\u0131rma ve Ara\u015ft\u0131rma Merkezi M\u00fcd\u00fcr\u00fc&#8217;n\u00fcn S\u00f6zlerinin Ki\u015fisel G\u00f6r\u00fc\u015f\u00fc Oldu\u011funu S\u00f6yledi"},"content":{"rendered":"\n<p>\u0130mam H\u00fcseyin (a.s)\u2019\u0131n hareminin sekreterli\u011finden resmi bir kaynak, Kerbela Ara\u015ft\u0131rma ve Ara\u015ft\u0131rma Merkezi M\u00fcd\u00fcr\u00fc Abdulamir El Kurey\u015fi&#8217;nin a\u00e7\u0131klamalar\u0131n\u0131n ki\u015fisel g\u00f6r\u00fc\u015fleri oldu\u011funu ve bu mukaddes t\u00fcrbenin g\u00f6r\u00fc\u015flerini temsil etmedi\u011fini a\u00e7\u0131klad\u0131.<\/p>\n\n\n\n<figure class=\"wp-block-image size-full\"><img loading=\"lazy\" decoding=\"async\" width=\"1024\" height=\"683\" src=\"https:\/\/shiawaves.com\/turkish\/wp-content\/uploads\/sites\/6\/2024\/09\/image-5.png\" alt=\"\" class=\"wp-image-107036\" srcset=\"https:\/\/shiawaves.com\/turkish\/wp-content\/uploads\/sites\/6\/2024\/09\/image-5.png 1024w, https:\/\/shiawaves.com\/turkish\/wp-content\/uploads\/sites\/6\/2024\/09\/image-5-300x200.png 300w, https:\/\/shiawaves.com\/turkish\/wp-content\/uploads\/sites\/6\/2024\/09\/image-5-768x512.png 768w\" sizes=\"auto, (max-width: 1024px) 100vw, 1024px\" \/><\/figure>\n\n\n\n<p>Bu sekreterlik ayn\u0131 zamanda Erbain merasiminin ger\u00e7ekle\u015ftirilmesindeki kurum ve ki\u015filerin g\u00fcvenlik ve hizmet \u00e7abalar\u0131n\u0131 takdir etmi\u015f, y\u00fcksek s\u0131cakl\u0131k ve d\u00fcnyan\u0131n farkl\u0131 \u00fclkelerinden gelen ziyaret\u00e7ilerin yo\u011funlu\u011fu da dahil olmak \u00fczere zor ko\u015fullarda g\u00f6sterilen \u00e7abalar\u0131 takdir etmi\u015ftir.<\/p>\n\n\n\n<p>Bu a\u00e7\u0131klamalar, Kerbela Ara\u015ft\u0131rma ve Ara\u015ft\u0131rma Merkezi M\u00fcd\u00fcr\u00fc Abdulemir El-Kurey\u015fi\u2019nin 23 Sefer \u00c7ar\u015famba g\u00fcn\u00fc 8. Uluslararas\u0131 Erbain Ziyareti Konferans\u0131&#8217;nda g\u00fcvenlik faaliyetleri ve sunulan hizmetlerin sa\u011flanma \u015feklini ele\u015ftirdi\u011fi s\u00f6zlerinden sonra yap\u0131ld\u0131. Kendisi Erbain ziyaretinde bu t\u00fcr hizmetlerin kutsal \u015fehir Kerbela&#8217;y\u0131 olumsuz etkiledi\u011fini vurgulad\u0131.<\/p>\n\n\n\n<p>Bu konferansta \u015funlar\u0131 s\u00f6yledi: Bu y\u0131l sa\u011flanan g\u00fcvenlik faaliyetleri ve hizmetlerinin sa\u011flanmas\u0131, gere\u011finden ve beklenenden azd\u0131 ve bu durum, Kerbela ve bu b\u00fcy\u00fck evrensel merasim hakk\u0131nda olumsuz mesajlar\u0131n g\u00f6nderilmesine yol a\u00e7t\u0131.<\/p>\n\n\n\n<p>El Kurey\u015fi, Erbain ziyaretine y\u00f6nelik hizmetlerin ve altyap\u0131lar\u0131n geli\u015ftirilmesi amac\u0131yla d\u00fcnyan\u0131n farkl\u0131 \u00fclkelerinden ara\u015ft\u0131rmac\u0131lar taraf\u0131ndan Irak h\u00fck\u00fcmetine \u00e7ok say\u0131da ara\u015ft\u0131rma ve \u00e7al\u0131\u015fman\u0131n sunuldu\u011funu ancak bu \u00e7abalar\u0131n Irak h\u00fck\u00fcmetinden uygun bir yan\u0131tla kar\u015f\u0131la\u015fmad\u0131\u011f\u0131na dikkat \u00e7ekti.<\/p>\n\n\n\n<p>Ayr\u0131ca \u015funlar\u0131 vurgulad\u0131: Milyonlarca Erbain ziyaret\u00e7isinin onay ko\u015fullar\u0131n\u0131n iyile\u015ftirilmesinde yaratabilecekleri b\u00fcy\u00fck etkiye ra\u011fmen bu \u00f6nemli ara\u015ft\u0131rmalara gerekli ilginin g\u00f6sterilmemesi olduk\u00e7a \u00fcz\u00fcc\u00fcd\u00fcr.<\/p>\n","protected":false},"excerpt":{"rendered":"<p>\u0130mam H\u00fcseyin (a.s)\u2019\u0131n hareminin sekreterli\u011finden resmi bir kaynak, Kerbela Ara\u015ft\u0131rma ve Ara\u015ft\u0131rma Merkezi M\u00fcd\u00fcr\u00fc Abdulamir El Kurey\u015fi&#8217;nin a\u00e7\u0131klamalar\u0131n\u0131n ki\u015fisel g\u00f6r\u00fc\u015fleri oldu\u011funu ve bu mukaddes t\u00fcrbenin g\u00f6r\u00fc\u015flerini temsil etmedi\u011fini a\u00e7\u0131klad\u0131. Bu sekreterlik ayn\u0131 zamanda Erbain merasiminin ger\u00e7ekle\u015ftirilmesindeki kurum ve ki\u015filerin g\u00fcvenlik ve hizmet \u00e7abalar\u0131n\u0131 takdir etmi\u015f, y\u00fcksek s\u0131cakl\u0131k ve d\u00fcnyan\u0131n farkl\u0131 \u00fclkelerinden gelen ziyaret\u00e7ilerin yo\u011funlu\u011fu da &hellip;<\/p>\n","protected":false},"author":1,"featured_media":107036,"comment_status":"open","ping_status":"open","sticky":false,"template":"","format":"standard","meta":{"rop_custom_images_group":[],"rop_custom_messages_group":[],"rop_publish_now":"initial","rop_publish_now_accounts":[],"rop_publish_now_history":[],"rop_publish_now_status":"pending","footnotes":""},"categories":[35,45],"tags":[],"class_list":["post-107035","post","type-post","status-publish","format-standard","has-post-thumbnail","hentry","category-ahlulbayt-occasions","category-int"],"_wp_page_template":null,"_wp_attached_file":null,"_wp_attachment_metadata":null,"_edit_lock":"1725305841:1","yoast_head":"<!-- This site is optimized with the Yoast SEO plugin v24.3 - https:\/\/yoast.com\/wordpress\/plugins\/seo\/ -->\n<title>\u0130mam H\u00fcseyin (a.s)\u2019\u0131n Haremi, Kerbela Ara\u015ft\u0131rma ve Ara\u015ft\u0131rma Merkezi M\u00fcd\u00fcr\u00fc&#039;n\u00fcn S\u00f6zlerinin Ki\u015fisel G\u00f6r\u00fc\u015f\u00fc Oldu\u011funu S\u00f6yledi - ShiaWaves Turkish - \u015eia Haberleri<\/title>\n<meta name=\"description\" content=\"\u0130mam H\u00fcseyin (a.s)\u2019\u0131n hareminin sekreterli\u011finden resmi bir kaynak, Kerbela Ara\u015ft\u0131rma ve Ara\u015ft\u0131rma Merkezi M\u00fcd\u00fcr\u00fc Abdulamir El Kurey\u015fi&#039;nin a\u00e7\u0131klamalar\u0131n\u0131n ki\u015fisel g\u00f6r\u00fc\u015fleri oldu\u011funu ve bu mukaddes t\u00fcrbenin g\u00f6r\u00fc\u015flerini temsil etmedi\u011fini a\u00e7\u0131klad\u0131.\" \/>\n<meta name=\"robots\" content=\"index, follow, max-snippet:-1, max-image-preview:large, max-video-preview:-1\" \/>\n<link rel=\"canonical\" href=\"https:\/\/shiawaves.com\/turkish\/2024\/09\/02\/imam-huseyin-a-sin-haremi-kerbela-arastirma-ve-arastirma-merkezi-mudurunun-sozlerinin-kisisel-gorusu-oldugunu-soyledi\/\" \/>\n<meta property=\"og:locale\" content=\"tr_TR\" \/>\n<meta property=\"og:type\" content=\"article\" \/>\n<meta property=\"og:title\" content=\"\u0130mam H\u00fcseyin (a.s)\u2019\u0131n Haremi, Kerbela Ara\u015ft\u0131rma ve Ara\u015ft\u0131rma Merkezi M\u00fcd\u00fcr\u00fc&#039;n\u00fcn S\u00f6zlerinin Ki\u015fisel G\u00f6r\u00fc\u015f\u00fc Oldu\u011funu S\u00f6yledi - ShiaWaves Turkish - \u015eia Haberleri\" \/>\n<meta property=\"og:description\" content=\"\u0130mam H\u00fcseyin (a.s)\u2019\u0131n hareminin sekreterli\u011finden resmi bir kaynak, Kerbela Ara\u015ft\u0131rma ve Ara\u015ft\u0131rma Merkezi M\u00fcd\u00fcr\u00fc Abdulamir El Kurey\u015fi&#039;nin a\u00e7\u0131klamalar\u0131n\u0131n ki\u015fisel g\u00f6r\u00fc\u015fleri oldu\u011funu ve bu mukaddes t\u00fcrbenin g\u00f6r\u00fc\u015flerini temsil etmedi\u011fini a\u00e7\u0131klad\u0131.\" \/>\n<meta property=\"og:url\" content=\"https:\/\/shiawaves.com\/turkish\/2024\/09\/02\/imam-huseyin-a-sin-haremi-kerbela-arastirma-ve-arastirma-merkezi-mudurunun-sozlerinin-kisisel-gorusu-oldugunu-soyledi\/\" \/>\n<meta property=\"og:site_name\" content=\"ShiaWaves Turkish - \u015eia Haberleri\" \/>\n<meta property=\"article:published_time\" content=\"2024-09-02T20:25:00+00:00\" \/>\n<meta property=\"article:modified_time\" content=\"2024-09-02T19:37:20+00:00\" \/>\n<meta property=\"og:image\" content=\"https:\/\/shiawaves.com\/turkish\/wp-content\/uploads\/sites\/6\/2024\/09\/image-5.png\" \/>\n\t<meta property=\"og:image:width\" content=\"1024\" \/>\n\t<meta property=\"og:image:height\" content=\"683\" \/>\n\t<meta property=\"og:image:type\" content=\"image\/png\" \/>\n<meta name=\"author\" content=\"modir\" \/>\n<meta name=\"twitter:card\" content=\"summary_large_image\" \/>\n<meta name=\"twitter:label1\" content=\"Yazan:\" \/>\n\t<meta name=\"twitter:data1\" content=\"modir\" \/>\n\t<meta name=\"twitter:label2\" content=\"Tahmini okuma s\u00fcresi\" \/>\n\t<meta name=\"twitter:data2\" content=\"2 dakika\" \/>\n<script type=\"application\/ld+json\" class=\"yoast-schema-graph\">{\"@context\":\"https:\/\/schema.org\",\"@graph\":[{\"@type\":\"WebPage\",\"@id\":\"https:\/\/shiawaves.com\/turkish\/2024\/09\/02\/imam-huseyin-a-sin-haremi-kerbela-arastirma-ve-arastirma-merkezi-mudurunun-sozlerinin-kisisel-gorusu-oldugunu-soyledi\/\",\"url\":\"https:\/\/shiawaves.com\/turkish\/2024\/09\/02\/imam-huseyin-a-sin-haremi-kerbela-arastirma-ve-arastirma-merkezi-mudurunun-sozlerinin-kisisel-gorusu-oldugunu-soyledi\/\",\"name\":\"\u0130mam H\u00fcseyin (a.s)\u2019\u0131n Haremi, Kerbela Ara\u015ft\u0131rma ve Ara\u015ft\u0131rma Merkezi M\u00fcd\u00fcr\u00fc'n\u00fcn S\u00f6zlerinin Ki\u015fisel G\u00f6r\u00fc\u015f\u00fc Oldu\u011funu S\u00f6yledi - ShiaWaves Turkish - \u015eia Haberleri\",\"isPartOf\":{\"@id\":\"https:\/\/shiawaves.com\/turkish\/#website\"},\"primaryImageOfPage\":{\"@id\":\"https:\/\/shiawaves.com\/turkish\/2024\/09\/02\/imam-huseyin-a-sin-haremi-kerbela-arastirma-ve-arastirma-merkezi-mudurunun-sozlerinin-kisisel-gorusu-oldugunu-soyledi\/#primaryimage\"},\"image\":{\"@id\":\"https:\/\/shiawaves.com\/turkish\/2024\/09\/02\/imam-huseyin-a-sin-haremi-kerbela-arastirma-ve-arastirma-merkezi-mudurunun-sozlerinin-kisisel-gorusu-oldugunu-soyledi\/#primaryimage\"},\"thumbnailUrl\":\"https:\/\/shiawaves.com\/turkish\/wp-content\/uploads\/sites\/6\/2024\/09\/image-5.png\",\"datePublished\":\"2024-09-02T20:25:00+00:00\",\"dateModified\":\"2024-09-02T19:37:20+00:00\",\"author\":{\"@id\":\"https:\/\/shiawaves.com\/turkish\/#\/schema\/person\/9f68d5023e948086b9348fba5aebd954\"},\"description\":\"\u0130mam H\u00fcseyin (a.s)\u2019\u0131n hareminin sekreterli\u011finden resmi bir kaynak, Kerbela Ara\u015ft\u0131rma ve Ara\u015ft\u0131rma Merkezi M\u00fcd\u00fcr\u00fc Abdulamir El Kurey\u015fi'nin a\u00e7\u0131klamalar\u0131n\u0131n ki\u015fisel g\u00f6r\u00fc\u015fleri oldu\u011funu ve bu mukaddes t\u00fcrbenin g\u00f6r\u00fc\u015flerini temsil etmedi\u011fini a\u00e7\u0131klad\u0131.\",\"breadcrumb\":{\"@id\":\"https:\/\/shiawaves.com\/turkish\/2024\/09\/02\/imam-huseyin-a-sin-haremi-kerbela-arastirma-ve-arastirma-merkezi-mudurunun-sozlerinin-kisisel-gorusu-oldugunu-soyledi\/#breadcrumb\"},\"inLanguage\":\"tr\",\"potentialAction\":[{\"@type\":\"ReadAction\",\"target\":[\"https:\/\/shiawaves.com\/turkish\/2024\/09\/02\/imam-huseyin-a-sin-haremi-kerbela-arastirma-ve-arastirma-merkezi-mudurunun-sozlerinin-kisisel-gorusu-oldugunu-soyledi\/\"]}]},{\"@type\":\"ImageObject\",\"inLanguage\":\"tr\",\"@id\":\"https:\/\/shiawaves.com\/turkish\/2024\/09\/02\/imam-huseyin-a-sin-haremi-kerbela-arastirma-ve-arastirma-merkezi-mudurunun-sozlerinin-kisisel-gorusu-oldugunu-soyledi\/#primaryimage\",\"url\":\"https:\/\/shiawaves.com\/turkish\/wp-content\/uploads\/sites\/6\/2024\/09\/image-5.png\",\"contentUrl\":\"https:\/\/shiawaves.com\/turkish\/wp-content\/uploads\/sites\/6\/2024\/09\/image-5.png\",\"width\":1024,\"height\":683,\"caption\":\"\u0130mam H\u00fcseyin (a.s)\u2019\u0131n Haremi, Kerbela Ara\u015ft\u0131rma ve Ara\u015ft\u0131rma Merkezi M\u00fcd\u00fcr\u00fc'n\u00fcn S\u00f6zlerinin Ki\u015fisel G\u00f6r\u00fc\u015f\u00fc Oldu\u011funu S\u00f6yledi\"},{\"@type\":\"BreadcrumbList\",\"@id\":\"https:\/\/shiawaves.com\/turkish\/2024\/09\/02\/imam-huseyin-a-sin-haremi-kerbela-arastirma-ve-arastirma-merkezi-mudurunun-sozlerinin-kisisel-gorusu-oldugunu-soyledi\/#breadcrumb\",\"itemListElement\":[{\"@type\":\"ListItem\",\"position\":1,\"name\":\"Home\",\"item\":\"https:\/\/shiawaves.com\/turkish\/\"},{\"@type\":\"ListItem\",\"position\":2,\"name\":\"\u0130mam H\u00fcseyin (a.s)\u2019\u0131n Haremi, Kerbela Ara\u015ft\u0131rma ve Ara\u015ft\u0131rma Merkezi M\u00fcd\u00fcr\u00fc&#8217;n\u00fcn S\u00f6zlerinin Ki\u015fisel G\u00f6r\u00fc\u015f\u00fc Oldu\u011funu S\u00f6yledi\"}]},{\"@type\":\"WebSite\",\"@id\":\"https:\/\/shiawaves.com\/turkish\/#website\",\"url\":\"https:\/\/shiawaves.com\/turkish\/\",\"name\":\"ShiaWaves Turkish - \u015eia Haberleri\",\"description\":\"\",\"potentialAction\":[{\"@type\":\"SearchAction\",\"target\":{\"@type\":\"EntryPoint\",\"urlTemplate\":\"https:\/\/shiawaves.com\/turkish\/?s={search_term_string}\"},\"query-input\":{\"@type\":\"PropertyValueSpecification\",\"valueRequired\":true,\"valueName\":\"search_term_string\"}}],\"inLanguage\":\"tr\"},{\"@type\":\"Person\",\"@id\":\"https:\/\/shiawaves.com\/turkish\/#\/schema\/person\/9f68d5023e948086b9348fba5aebd954\",\"name\":\"modir\",\"image\":{\"@type\":\"ImageObject\",\"inLanguage\":\"tr\",\"@id\":\"https:\/\/shiawaves.com\/turkish\/#\/schema\/person\/image\/\",\"url\":\"https:\/\/secure.gravatar.com\/avatar\/8e76f93cdbdd480bd8918d1e0e1d938664c9cb1516c2a57a2b96fe50b507a6b9?s=96&d=mm&r=g\",\"contentUrl\":\"https:\/\/secure.gravatar.com\/avatar\/8e76f93cdbdd480bd8918d1e0e1d938664c9cb1516c2a57a2b96fe50b507a6b9?s=96&d=mm&r=g\",\"caption\":\"modir\"},\"sameAs\":[\"https:\/\/shiawaves.com\"],\"url\":\"https:\/\/shiawaves.com\/turkish\/author\/modir\/\"}]}<\/script>\n<!-- \/ Yoast SEO plugin. -->","yoast_head_json":{"title":"\u0130mam H\u00fcseyin (a.s)\u2019\u0131n Haremi, Kerbela Ara\u015ft\u0131rma ve Ara\u015ft\u0131rma Merkezi M\u00fcd\u00fcr\u00fc'n\u00fcn S\u00f6zlerinin Ki\u015fisel G\u00f6r\u00fc\u015f\u00fc Oldu\u011funu S\u00f6yledi - ShiaWaves Turkish - \u015eia Haberleri","description":"\u0130mam H\u00fcseyin (a.s)\u2019\u0131n hareminin sekreterli\u011finden resmi bir kaynak, Kerbela Ara\u015ft\u0131rma ve Ara\u015ft\u0131rma Merkezi M\u00fcd\u00fcr\u00fc Abdulamir El Kurey\u015fi'nin a\u00e7\u0131klamalar\u0131n\u0131n ki\u015fisel g\u00f6r\u00fc\u015fleri oldu\u011funu ve bu mukaddes t\u00fcrbenin g\u00f6r\u00fc\u015flerini temsil etmedi\u011fini a\u00e7\u0131klad\u0131.","robots":{"index":"index","follow":"follow","max-snippet":"max-snippet:-1","max-image-preview":"max-image-preview:large","max-video-preview":"max-video-preview:-1"},"canonical":"https:\/\/shiawaves.com\/turkish\/2024\/09\/02\/imam-huseyin-a-sin-haremi-kerbela-arastirma-ve-arastirma-merkezi-mudurunun-sozlerinin-kisisel-gorusu-oldugunu-soyledi\/","og_locale":"tr_TR","og_type":"article","og_title":"\u0130mam H\u00fcseyin (a.s)\u2019\u0131n Haremi, Kerbela Ara\u015ft\u0131rma ve Ara\u015ft\u0131rma Merkezi M\u00fcd\u00fcr\u00fc'n\u00fcn S\u00f6zlerinin Ki\u015fisel G\u00f6r\u00fc\u015f\u00fc Oldu\u011funu S\u00f6yledi - ShiaWaves Turkish - \u015eia Haberleri","og_description":"\u0130mam H\u00fcseyin (a.s)\u2019\u0131n hareminin sekreterli\u011finden resmi bir kaynak, Kerbela Ara\u015ft\u0131rma ve Ara\u015ft\u0131rma Merkezi M\u00fcd\u00fcr\u00fc Abdulamir El Kurey\u015fi'nin a\u00e7\u0131klamalar\u0131n\u0131n ki\u015fisel g\u00f6r\u00fc\u015fleri oldu\u011funu ve bu mukaddes t\u00fcrbenin g\u00f6r\u00fc\u015flerini temsil etmedi\u011fini a\u00e7\u0131klad\u0131.","og_url":"https:\/\/shiawaves.com\/turkish\/2024\/09\/02\/imam-huseyin-a-sin-haremi-kerbela-arastirma-ve-arastirma-merkezi-mudurunun-sozlerinin-kisisel-gorusu-oldugunu-soyledi\/","og_site_name":"ShiaWaves Turkish - \u015eia Haberleri","article_published_time":"2024-09-02T20:25:00+00:00","article_modified_time":"2024-09-02T19:37:20+00:00","og_image":[{"width":1024,"height":683,"url":"https:\/\/shiawaves.com\/turkish\/wp-content\/uploads\/sites\/6\/2024\/09\/image-5.png","type":"image\/png"}],"author":"modir","twitter_card":"summary_large_image","twitter_misc":{"Yazan:":"modir","Tahmini okuma s\u00fcresi":"2 dakika"},"schema":{"@context":"https:\/\/schema.org","@graph":[{"@type":"WebPage","@id":"https:\/\/shiawaves.com\/turkish\/2024\/09\/02\/imam-huseyin-a-sin-haremi-kerbela-arastirma-ve-arastirma-merkezi-mudurunun-sozlerinin-kisisel-gorusu-oldugunu-soyledi\/","url":"https:\/\/shiawaves.com\/turkish\/2024\/09\/02\/imam-huseyin-a-sin-haremi-kerbela-arastirma-ve-arastirma-merkezi-mudurunun-sozlerinin-kisisel-gorusu-oldugunu-soyledi\/","name":"\u0130mam H\u00fcseyin (a.s)\u2019\u0131n Haremi, Kerbela Ara\u015ft\u0131rma ve Ara\u015ft\u0131rma Merkezi M\u00fcd\u00fcr\u00fc'n\u00fcn S\u00f6zlerinin Ki\u015fisel G\u00f6r\u00fc\u015f\u00fc Oldu\u011funu S\u00f6yledi - ShiaWaves Turkish - \u015eia Haberleri","isPartOf":{"@id":"https:\/\/shiawaves.com\/turkish\/#website"},"primaryImageOfPage":{"@id":"https:\/\/shiawaves.com\/turkish\/2024\/09\/02\/imam-huseyin-a-sin-haremi-kerbela-arastirma-ve-arastirma-merkezi-mudurunun-sozlerinin-kisisel-gorusu-oldugunu-soyledi\/#primaryimage"},"image":{"@id":"https:\/\/shiawaves.com\/turkish\/2024\/09\/02\/imam-huseyin-a-sin-haremi-kerbela-arastirma-ve-arastirma-merkezi-mudurunun-sozlerinin-kisisel-gorusu-oldugunu-soyledi\/#primaryimage"},"thumbnailUrl":"https:\/\/shiawaves.com\/turkish\/wp-content\/uploads\/sites\/6\/2024\/09\/image-5.png","datePublished":"2024-09-02T20:25:00+00:00","dateModified":"2024-09-02T19:37:20+00:00","author":{"@id":"https:\/\/shiawaves.com\/turkish\/#\/schema\/person\/9f68d5023e948086b9348fba5aebd954"},"description":"\u0130mam H\u00fcseyin (a.s)\u2019\u0131n hareminin sekreterli\u011finden resmi bir kaynak, Kerbela Ara\u015ft\u0131rma ve Ara\u015ft\u0131rma Merkezi M\u00fcd\u00fcr\u00fc Abdulamir El Kurey\u015fi'nin a\u00e7\u0131klamalar\u0131n\u0131n ki\u015fisel g\u00f6r\u00fc\u015fleri oldu\u011funu ve bu mukaddes t\u00fcrbenin g\u00f6r\u00fc\u015flerini temsil etmedi\u011fini a\u00e7\u0131klad\u0131.","breadcrumb":{"@id":"https:\/\/shiawaves.com\/turkish\/2024\/09\/02\/imam-huseyin-a-sin-haremi-kerbela-arastirma-ve-arastirma-merkezi-mudurunun-sozlerinin-kisisel-gorusu-oldugunu-soyledi\/#breadcrumb"},"inLanguage":"tr","potentialAction":[{"@type":"ReadAction","target":["https:\/\/shiawaves.com\/turkish\/2024\/09\/02\/imam-huseyin-a-sin-haremi-kerbela-arastirma-ve-arastirma-merkezi-mudurunun-sozlerinin-kisisel-gorusu-oldugunu-soyledi\/"]}]},{"@type":"ImageObject","inLanguage":"tr","@id":"https:\/\/shiawaves.com\/turkish\/2024\/09\/02\/imam-huseyin-a-sin-haremi-kerbela-arastirma-ve-arastirma-merkezi-mudurunun-sozlerinin-kisisel-gorusu-oldugunu-soyledi\/#primaryimage","url":"https:\/\/shiawaves.com\/turkish\/wp-content\/uploads\/sites\/6\/2024\/09\/image-5.png","contentUrl":"https:\/\/shiawaves.com\/turkish\/wp-content\/uploads\/sites\/6\/2024\/09\/image-5.png","width":1024,"height":683,"caption":"\u0130mam H\u00fcseyin (a.s)\u2019\u0131n Haremi, Kerbela Ara\u015ft\u0131rma ve Ara\u015ft\u0131rma Merkezi M\u00fcd\u00fcr\u00fc'n\u00fcn S\u00f6zlerinin Ki\u015fisel G\u00f6r\u00fc\u015f\u00fc Oldu\u011funu S\u00f6yledi"},{"@type":"BreadcrumbList","@id":"https:\/\/shiawaves.com\/turkish\/2024\/09\/02\/imam-huseyin-a-sin-haremi-kerbela-arastirma-ve-arastirma-merkezi-mudurunun-sozlerinin-kisisel-gorusu-oldugunu-soyledi\/#breadcrumb","itemListElement":[{"@type":"ListItem","position":1,"name":"Home","item":"https:\/\/shiawaves.com\/turkish\/"},{"@type":"ListItem","position":2,"name":"\u0130mam H\u00fcseyin (a.s)\u2019\u0131n Haremi, Kerbela Ara\u015ft\u0131rma ve Ara\u015ft\u0131rma Merkezi M\u00fcd\u00fcr\u00fc&#8217;n\u00fcn S\u00f6zlerinin Ki\u015fisel G\u00f6r\u00fc\u015f\u00fc Oldu\u011funu S\u00f6yledi"}]},{"@type":"WebSite","@id":"https:\/\/shiawaves.com\/turkish\/#website","url":"https:\/\/shiawaves.com\/turkish\/","name":"ShiaWaves Turkish - \u015eia Haberleri","description":"","potentialAction":[{"@type":"SearchAction","target":{"@type":"EntryPoint","urlTemplate":"https:\/\/shiawaves.com\/turkish\/?s={search_term_string}"},"query-input":{"@type":"PropertyValueSpecification","valueRequired":true,"valueName":"search_term_string"}}],"inLanguage":"tr"},{"@type":"Person","@id":"https:\/\/shiawaves.com\/turkish\/#\/schema\/person\/9f68d5023e948086b9348fba5aebd954","name":"modir","image":{"@type":"ImageObject","inLanguage":"tr","@id":"https:\/\/shiawaves.com\/turkish\/#\/schema\/person\/image\/","url":"https:\/\/secure.gravatar.com\/avatar\/8e76f93cdbdd480bd8918d1e0e1d938664c9cb1516c2a57a2b96fe50b507a6b9?s=96&d=mm&r=g","contentUrl":"https:\/\/secure.gravatar.com\/avatar\/8e76f93cdbdd480bd8918d1e0e1d938664c9cb1516c2a57a2b96fe50b507a6b9?s=96&d=mm&r=g","caption":"modir"},"sameAs":["https:\/\/shiawaves.com"],"url":"https:\/\/shiawaves.com\/turkish\/author\/modir\/"}]}},"_links":{"self":[{"href":"https:\/\/shiawaves.com\/turkish\/wp-json\/wp\/v2\/posts\/107035","targetHints":{"allow":["GET"]}}],"collection":[{"href":"https:\/\/shiawaves.com\/turkish\/wp-json\/wp\/v2\/posts"}],"about":[{"href":"https:\/\/shiawaves.com\/turkish\/wp-json\/wp\/v2\/types\/post"}],"author":[{"embeddable":true,"href":"https:\/\/shiawaves.com\/turkish\/wp-json\/wp\/v2\/users\/1"}],"replies":[{"embeddable":true,"href":"https:\/\/shiawaves.com\/turkish\/wp-json\/wp\/v2\/comments?post=107035"}],"version-history":[{"count":1,"href":"https:\/\/shiawaves.com\/turkish\/wp-json\/wp\/v2\/posts\/107035\/revisions"}],"predecessor-version":[{"id":107037,"href":"https:\/\/shiawaves.com\/turkish\/wp-json\/wp\/v2\/posts\/107035\/revisions\/107037"}],"wp:featuredmedia":[{"embeddable":true,"href":"https:\/\/shiawaves.com\/turkish\/wp-json\/wp\/v2\/media\/107036"}],"wp:attachment":[{"href":"https:\/\/shiawaves.com\/turkish\/wp-json\/wp\/v2\/media?parent=107035"}],"wp:term":[{"taxonomy":"category","embeddable":true,"href":"https:\/\/shiawaves.com\/turkish\/wp-json\/wp\/v2\/categories?post=107035"},{"taxonomy":"post_tag","embeddable":true,"href":"https:\/\/shiawaves.com\/turkish\/wp-json\/wp\/v2\/tags?post=107035"}],"curies":[{"name":"wp","href":"https:\/\/api.w.org\/{rel}","templated":true}]}}