{"id":107013,"date":"2024-08-31T11:56:00","date_gmt":"2024-08-31T08:56:00","guid":{"rendered":"https:\/\/shiawaves.com\/turkish\/?p=107013"},"modified":"2024-08-31T10:01:34","modified_gmt":"2024-08-31T07:01:34","slug":"erbain-ziyareti-basligiyla-8-bilimsel-ve-uluslararasi-erbain-konferansi-insan-ve-arap-medeniyetine-kuresel-yaklasimlara-dogru-sergisi-kerbelada-basladi","status":"publish","type":"post","link":"https:\/\/shiawaves.com\/turkish\/2024\/08\/31\/erbain-ziyareti-basligiyla-8-bilimsel-ve-uluslararasi-erbain-konferansi-insan-ve-arap-medeniyetine-kuresel-yaklasimlara-dogru-sergisi-kerbelada-basladi\/","title":{"rendered":"Kerbela&#8217;da 8. Uluslararas\u0131 \u0130lmi Erbain Konferans\u0131\u00a0"},"content":{"rendered":"\n<p>&#8220;Erbain Ziyareti&#8221; ba\u015fl\u0131\u011f\u0131yla 8. Bilimsel ve Uluslararas\u0131 Erbain Konferans\u0131; \u0130nsan ve Arap Medeniyetine K\u00fcresel Yakla\u015f\u0131mlara Do\u011fru&#8221; sergisi Kerbela&#8217;da ba\u015flad\u0131.\u00a0<\/p>\n\n\n\n<figure class=\"wp-block-image size-full\"><img loading=\"lazy\" decoding=\"async\" width=\"1024\" height=\"576\" src=\"https:\/\/shiawaves.com\/turkish\/wp-content\/uploads\/sites\/6\/2024\/08\/4A2E4F81-227D-46C4-933E-57694B87BF73.jpeg\" alt=\"\" class=\"wp-image-107014\" srcset=\"https:\/\/shiawaves.com\/turkish\/wp-content\/uploads\/sites\/6\/2024\/08\/4A2E4F81-227D-46C4-933E-57694B87BF73.jpeg 1024w, https:\/\/shiawaves.com\/turkish\/wp-content\/uploads\/sites\/6\/2024\/08\/4A2E4F81-227D-46C4-933E-57694B87BF73-300x169.jpeg 300w, https:\/\/shiawaves.com\/turkish\/wp-content\/uploads\/sites\/6\/2024\/08\/4A2E4F81-227D-46C4-933E-57694B87BF73-768x432.jpeg 768w, https:\/\/shiawaves.com\/turkish\/wp-content\/uploads\/sites\/6\/2024\/08\/4A2E4F81-227D-46C4-933E-57694B87BF73-390x220.jpeg 390w\" sizes=\"auto, (max-width: 1024px) 100vw, 1024px\" \/><\/figure>\n\n\n\n<p>Kutsal Kerbela \u015eehri Ara\u015ft\u0131rma Merkezi&#8217;nin \u00e7abalar\u0131yla ba\u015flat\u0131lan bu konferansa dini ve resmi \u015fahsiyetler, \u00e7ok say\u0131da ileri gelen ilahiyat\u00e7\u0131lar, bilim adamlar\u0131, toplumun farkl\u0131 kesimlerinden bir grup insan, ara\u015ft\u0131rmac\u0131lar ve d\u00fcnyan\u0131n farkl\u0131 yerlerinden uzmanlar haz\u0131r bulundu.&nbsp;<\/p>\n\n\n\n<p>Bu bilimsel ve uluslararas\u0131 konferans\u0131n sekizinci bask\u0131s\u0131n\u0131n temas\u0131n\u0131n &#8220;Erbain Ziyareti; \u0130nsan ve medeniyete k\u00fcresel yakla\u015f\u0131mlar \u201c (Arap\u00e7a orijinal ad\u0131: \u0632\u064a\u0627\u0631\u0629 \u0627\u0644\u0639\u0631\u0628\u064a\u0646&#8230; \u0646\u0635\u0641 \u0645\u0642\u0627\u0628\u0631\u0629 \u0627\u0644\u0639\u0644\u0645\u064a\u0629 \u0644\u0644\u0646\u0633\u0627\u0646 \u0648\u0627\u0644\u062d\u062f\u0627\u0631\u0629)&#8221;<\/p>\n\n\n\n<p>Bu konferansta \u00e7e\u015fitli konularda 148 makale, 81&#8217;i Irak i\u00e7inden, geri kalan\u0131 ise Hindistan, Malezya, \u0130talya, Hollanda, Kosova, \u0130rlanda, Bahreyn, Tunus, Almanya, Bel\u00e7ika, Japonya, L\u00fcbnan ve \u0130ran gibi \u00fclkelerden makaleler sunuldu.<\/p>\n","protected":false},"excerpt":{"rendered":"<p>&#8220;Erbain Ziyareti&#8221; ba\u015fl\u0131\u011f\u0131yla 8. Bilimsel ve Uluslararas\u0131 Erbain Konferans\u0131; \u0130nsan ve Arap Medeniyetine K\u00fcresel Yakla\u015f\u0131mlara Do\u011fru&#8221; sergisi Kerbela&#8217;da ba\u015flad\u0131.\u00a0 Kutsal Kerbela \u015eehri Ara\u015ft\u0131rma Merkezi&#8217;nin \u00e7abalar\u0131yla ba\u015flat\u0131lan bu konferansa dini ve resmi \u015fahsiyetler, \u00e7ok say\u0131da ileri gelen ilahiyat\u00e7\u0131lar, bilim adamlar\u0131, toplumun farkl\u0131 kesimlerinden bir grup insan, ara\u015ft\u0131rmac\u0131lar ve d\u00fcnyan\u0131n farkl\u0131 yerlerinden uzmanlar haz\u0131r bulundu.&nbsp; Bu bilimsel &hellip;<\/p>\n","protected":false},"author":1,"featured_media":107014,"comment_status":"open","ping_status":"open","sticky":false,"template":"","format":"standard","meta":{"rop_custom_images_group":[],"rop_custom_messages_group":[],"rop_publish_now":"initial","rop_publish_now_accounts":[],"rop_publish_now_history":[],"rop_publish_now_status":"pending","footnotes":""},"categories":[14,45],"tags":[],"class_list":["post-107013","post","type-post","status-publish","format-standard","has-post-thumbnail","hentry","category-iraq","category-int"],"_wp_page_template":null,"_wp_attached_file":null,"_wp_attachment_metadata":null,"_edit_lock":"1725087695:1","yoast_head":"<!-- This site is optimized with the Yoast SEO plugin v24.3 - https:\/\/yoast.com\/wordpress\/plugins\/seo\/ -->\n<title>Kerbela&#039;da 8. Uluslararas\u0131 \u0130lmi Erbain Konferans\u0131\u00a0 - ShiaWaves Turkish - \u015eia Haberleri<\/title>\n<meta name=\"description\" content=\"&quot;Erbain Ziyareti&quot; ba\u015fl\u0131\u011f\u0131yla 8. Bilimsel ve Uluslararas\u0131 Erbain Konferans\u0131; \u0130nsan ve Arap Medeniyetine K\u00fcresel Yakla\u015f\u0131mlara Do\u011fru&quot; sergisi Kerbela&#039;da ba\u015flad\u0131.\u00a0\" \/>\n<meta name=\"robots\" content=\"index, follow, max-snippet:-1, max-image-preview:large, max-video-preview:-1\" \/>\n<link rel=\"canonical\" href=\"https:\/\/shiawaves.com\/turkish\/2024\/08\/31\/erbain-ziyareti-basligiyla-8-bilimsel-ve-uluslararasi-erbain-konferansi-insan-ve-arap-medeniyetine-kuresel-yaklasimlara-dogru-sergisi-kerbelada-basladi\/\" \/>\n<meta property=\"og:locale\" content=\"tr_TR\" \/>\n<meta property=\"og:type\" content=\"article\" \/>\n<meta property=\"og:title\" content=\"Kerbela&#039;da 8. Uluslararas\u0131 \u0130lmi Erbain Konferans\u0131\u00a0 - ShiaWaves Turkish - \u015eia Haberleri\" \/>\n<meta property=\"og:description\" content=\"&quot;Erbain Ziyareti&quot; ba\u015fl\u0131\u011f\u0131yla 8. Bilimsel ve Uluslararas\u0131 Erbain Konferans\u0131; \u0130nsan ve Arap Medeniyetine K\u00fcresel Yakla\u015f\u0131mlara Do\u011fru&quot; sergisi Kerbela&#039;da ba\u015flad\u0131.\u00a0\" \/>\n<meta property=\"og:url\" content=\"https:\/\/shiawaves.com\/turkish\/2024\/08\/31\/erbain-ziyareti-basligiyla-8-bilimsel-ve-uluslararasi-erbain-konferansi-insan-ve-arap-medeniyetine-kuresel-yaklasimlara-dogru-sergisi-kerbelada-basladi\/\" \/>\n<meta property=\"og:site_name\" content=\"ShiaWaves Turkish - \u015eia Haberleri\" \/>\n<meta property=\"article:published_time\" content=\"2024-08-31T08:56:00+00:00\" \/>\n<meta property=\"article:modified_time\" content=\"2024-08-31T07:01:34+00:00\" \/>\n<meta property=\"og:image\" content=\"https:\/\/shiawaves.com\/turkish\/wp-content\/uploads\/sites\/6\/2024\/08\/4A2E4F81-227D-46C4-933E-57694B87BF73.jpeg\" \/>\n\t<meta property=\"og:image:width\" content=\"1024\" \/>\n\t<meta property=\"og:image:height\" content=\"576\" \/>\n\t<meta property=\"og:image:type\" content=\"image\/jpeg\" \/>\n<meta name=\"author\" content=\"modir\" \/>\n<meta name=\"twitter:card\" content=\"summary_large_image\" \/>\n<meta name=\"twitter:label1\" content=\"Yazan:\" \/>\n\t<meta name=\"twitter:data1\" content=\"modir\" \/>\n\t<meta name=\"twitter:label2\" content=\"Tahmini okuma s\u00fcresi\" \/>\n\t<meta name=\"twitter:data2\" content=\"2 dakika\" \/>\n<script type=\"application\/ld+json\" class=\"yoast-schema-graph\">{\"@context\":\"https:\/\/schema.org\",\"@graph\":[{\"@type\":\"WebPage\",\"@id\":\"https:\/\/shiawaves.com\/turkish\/2024\/08\/31\/erbain-ziyareti-basligiyla-8-bilimsel-ve-uluslararasi-erbain-konferansi-insan-ve-arap-medeniyetine-kuresel-yaklasimlara-dogru-sergisi-kerbelada-basladi\/\",\"url\":\"https:\/\/shiawaves.com\/turkish\/2024\/08\/31\/erbain-ziyareti-basligiyla-8-bilimsel-ve-uluslararasi-erbain-konferansi-insan-ve-arap-medeniyetine-kuresel-yaklasimlara-dogru-sergisi-kerbelada-basladi\/\",\"name\":\"Kerbela'da 8. Uluslararas\u0131 \u0130lmi Erbain Konferans\u0131\u00a0 - ShiaWaves Turkish - \u015eia Haberleri\",\"isPartOf\":{\"@id\":\"https:\/\/shiawaves.com\/turkish\/#website\"},\"primaryImageOfPage\":{\"@id\":\"https:\/\/shiawaves.com\/turkish\/2024\/08\/31\/erbain-ziyareti-basligiyla-8-bilimsel-ve-uluslararasi-erbain-konferansi-insan-ve-arap-medeniyetine-kuresel-yaklasimlara-dogru-sergisi-kerbelada-basladi\/#primaryimage\"},\"image\":{\"@id\":\"https:\/\/shiawaves.com\/turkish\/2024\/08\/31\/erbain-ziyareti-basligiyla-8-bilimsel-ve-uluslararasi-erbain-konferansi-insan-ve-arap-medeniyetine-kuresel-yaklasimlara-dogru-sergisi-kerbelada-basladi\/#primaryimage\"},\"thumbnailUrl\":\"https:\/\/shiawaves.com\/turkish\/wp-content\/uploads\/sites\/6\/2024\/08\/4A2E4F81-227D-46C4-933E-57694B87BF73.jpeg\",\"datePublished\":\"2024-08-31T08:56:00+00:00\",\"dateModified\":\"2024-08-31T07:01:34+00:00\",\"author\":{\"@id\":\"https:\/\/shiawaves.com\/turkish\/#\/schema\/person\/9f68d5023e948086b9348fba5aebd954\"},\"description\":\"\\\"Erbain Ziyareti\\\" ba\u015fl\u0131\u011f\u0131yla 8. Bilimsel ve Uluslararas\u0131 Erbain Konferans\u0131; \u0130nsan ve Arap Medeniyetine K\u00fcresel Yakla\u015f\u0131mlara Do\u011fru\\\" sergisi Kerbela'da ba\u015flad\u0131.\u00a0\",\"breadcrumb\":{\"@id\":\"https:\/\/shiawaves.com\/turkish\/2024\/08\/31\/erbain-ziyareti-basligiyla-8-bilimsel-ve-uluslararasi-erbain-konferansi-insan-ve-arap-medeniyetine-kuresel-yaklasimlara-dogru-sergisi-kerbelada-basladi\/#breadcrumb\"},\"inLanguage\":\"tr\",\"potentialAction\":[{\"@type\":\"ReadAction\",\"target\":[\"https:\/\/shiawaves.com\/turkish\/2024\/08\/31\/erbain-ziyareti-basligiyla-8-bilimsel-ve-uluslararasi-erbain-konferansi-insan-ve-arap-medeniyetine-kuresel-yaklasimlara-dogru-sergisi-kerbelada-basladi\/\"]}]},{\"@type\":\"ImageObject\",\"inLanguage\":\"tr\",\"@id\":\"https:\/\/shiawaves.com\/turkish\/2024\/08\/31\/erbain-ziyareti-basligiyla-8-bilimsel-ve-uluslararasi-erbain-konferansi-insan-ve-arap-medeniyetine-kuresel-yaklasimlara-dogru-sergisi-kerbelada-basladi\/#primaryimage\",\"url\":\"https:\/\/shiawaves.com\/turkish\/wp-content\/uploads\/sites\/6\/2024\/08\/4A2E4F81-227D-46C4-933E-57694B87BF73.jpeg\",\"contentUrl\":\"https:\/\/shiawaves.com\/turkish\/wp-content\/uploads\/sites\/6\/2024\/08\/4A2E4F81-227D-46C4-933E-57694B87BF73.jpeg\",\"width\":1024,\"height\":576},{\"@type\":\"BreadcrumbList\",\"@id\":\"https:\/\/shiawaves.com\/turkish\/2024\/08\/31\/erbain-ziyareti-basligiyla-8-bilimsel-ve-uluslararasi-erbain-konferansi-insan-ve-arap-medeniyetine-kuresel-yaklasimlara-dogru-sergisi-kerbelada-basladi\/#breadcrumb\",\"itemListElement\":[{\"@type\":\"ListItem\",\"position\":1,\"name\":\"Home\",\"item\":\"https:\/\/shiawaves.com\/turkish\/\"},{\"@type\":\"ListItem\",\"position\":2,\"name\":\"Kerbela&#8217;da 8. Uluslararas\u0131 \u0130lmi Erbain Konferans\u0131\u00a0\"}]},{\"@type\":\"WebSite\",\"@id\":\"https:\/\/shiawaves.com\/turkish\/#website\",\"url\":\"https:\/\/shiawaves.com\/turkish\/\",\"name\":\"ShiaWaves Turkish - \u015eia Haberleri\",\"description\":\"\",\"potentialAction\":[{\"@type\":\"SearchAction\",\"target\":{\"@type\":\"EntryPoint\",\"urlTemplate\":\"https:\/\/shiawaves.com\/turkish\/?s={search_term_string}\"},\"query-input\":{\"@type\":\"PropertyValueSpecification\",\"valueRequired\":true,\"valueName\":\"search_term_string\"}}],\"inLanguage\":\"tr\"},{\"@type\":\"Person\",\"@id\":\"https:\/\/shiawaves.com\/turkish\/#\/schema\/person\/9f68d5023e948086b9348fba5aebd954\",\"name\":\"modir\",\"image\":{\"@type\":\"ImageObject\",\"inLanguage\":\"tr\",\"@id\":\"https:\/\/shiawaves.com\/turkish\/#\/schema\/person\/image\/\",\"url\":\"https:\/\/secure.gravatar.com\/avatar\/8e76f93cdbdd480bd8918d1e0e1d938664c9cb1516c2a57a2b96fe50b507a6b9?s=96&d=mm&r=g\",\"contentUrl\":\"https:\/\/secure.gravatar.com\/avatar\/8e76f93cdbdd480bd8918d1e0e1d938664c9cb1516c2a57a2b96fe50b507a6b9?s=96&d=mm&r=g\",\"caption\":\"modir\"},\"sameAs\":[\"https:\/\/shiawaves.com\"],\"url\":\"https:\/\/shiawaves.com\/turkish\/author\/modir\/\"}]}<\/script>\n<!-- \/ Yoast SEO plugin. -->","yoast_head_json":{"title":"Kerbela'da 8. Uluslararas\u0131 \u0130lmi Erbain Konferans\u0131\u00a0 - ShiaWaves Turkish - \u015eia Haberleri","description":"\"Erbain Ziyareti\" ba\u015fl\u0131\u011f\u0131yla 8. Bilimsel ve Uluslararas\u0131 Erbain Konferans\u0131; \u0130nsan ve Arap Medeniyetine K\u00fcresel Yakla\u015f\u0131mlara Do\u011fru\" sergisi Kerbela'da ba\u015flad\u0131.\u00a0","robots":{"index":"index","follow":"follow","max-snippet":"max-snippet:-1","max-image-preview":"max-image-preview:large","max-video-preview":"max-video-preview:-1"},"canonical":"https:\/\/shiawaves.com\/turkish\/2024\/08\/31\/erbain-ziyareti-basligiyla-8-bilimsel-ve-uluslararasi-erbain-konferansi-insan-ve-arap-medeniyetine-kuresel-yaklasimlara-dogru-sergisi-kerbelada-basladi\/","og_locale":"tr_TR","og_type":"article","og_title":"Kerbela'da 8. Uluslararas\u0131 \u0130lmi Erbain Konferans\u0131\u00a0 - ShiaWaves Turkish - \u015eia Haberleri","og_description":"\"Erbain Ziyareti\" ba\u015fl\u0131\u011f\u0131yla 8. Bilimsel ve Uluslararas\u0131 Erbain Konferans\u0131; \u0130nsan ve Arap Medeniyetine K\u00fcresel Yakla\u015f\u0131mlara Do\u011fru\" sergisi Kerbela'da ba\u015flad\u0131.\u00a0","og_url":"https:\/\/shiawaves.com\/turkish\/2024\/08\/31\/erbain-ziyareti-basligiyla-8-bilimsel-ve-uluslararasi-erbain-konferansi-insan-ve-arap-medeniyetine-kuresel-yaklasimlara-dogru-sergisi-kerbelada-basladi\/","og_site_name":"ShiaWaves Turkish - \u015eia Haberleri","article_published_time":"2024-08-31T08:56:00+00:00","article_modified_time":"2024-08-31T07:01:34+00:00","og_image":[{"width":1024,"height":576,"url":"https:\/\/shiawaves.com\/turkish\/wp-content\/uploads\/sites\/6\/2024\/08\/4A2E4F81-227D-46C4-933E-57694B87BF73.jpeg","type":"image\/jpeg"}],"author":"modir","twitter_card":"summary_large_image","twitter_misc":{"Yazan:":"modir","Tahmini okuma s\u00fcresi":"2 dakika"},"schema":{"@context":"https:\/\/schema.org","@graph":[{"@type":"WebPage","@id":"https:\/\/shiawaves.com\/turkish\/2024\/08\/31\/erbain-ziyareti-basligiyla-8-bilimsel-ve-uluslararasi-erbain-konferansi-insan-ve-arap-medeniyetine-kuresel-yaklasimlara-dogru-sergisi-kerbelada-basladi\/","url":"https:\/\/shiawaves.com\/turkish\/2024\/08\/31\/erbain-ziyareti-basligiyla-8-bilimsel-ve-uluslararasi-erbain-konferansi-insan-ve-arap-medeniyetine-kuresel-yaklasimlara-dogru-sergisi-kerbelada-basladi\/","name":"Kerbela'da 8. Uluslararas\u0131 \u0130lmi Erbain Konferans\u0131\u00a0 - ShiaWaves Turkish - \u015eia Haberleri","isPartOf":{"@id":"https:\/\/shiawaves.com\/turkish\/#website"},"primaryImageOfPage":{"@id":"https:\/\/shiawaves.com\/turkish\/2024\/08\/31\/erbain-ziyareti-basligiyla-8-bilimsel-ve-uluslararasi-erbain-konferansi-insan-ve-arap-medeniyetine-kuresel-yaklasimlara-dogru-sergisi-kerbelada-basladi\/#primaryimage"},"image":{"@id":"https:\/\/shiawaves.com\/turkish\/2024\/08\/31\/erbain-ziyareti-basligiyla-8-bilimsel-ve-uluslararasi-erbain-konferansi-insan-ve-arap-medeniyetine-kuresel-yaklasimlara-dogru-sergisi-kerbelada-basladi\/#primaryimage"},"thumbnailUrl":"https:\/\/shiawaves.com\/turkish\/wp-content\/uploads\/sites\/6\/2024\/08\/4A2E4F81-227D-46C4-933E-57694B87BF73.jpeg","datePublished":"2024-08-31T08:56:00+00:00","dateModified":"2024-08-31T07:01:34+00:00","author":{"@id":"https:\/\/shiawaves.com\/turkish\/#\/schema\/person\/9f68d5023e948086b9348fba5aebd954"},"description":"\"Erbain Ziyareti\" ba\u015fl\u0131\u011f\u0131yla 8. Bilimsel ve Uluslararas\u0131 Erbain Konferans\u0131; \u0130nsan ve Arap Medeniyetine K\u00fcresel Yakla\u015f\u0131mlara Do\u011fru\" sergisi Kerbela'da ba\u015flad\u0131.\u00a0","breadcrumb":{"@id":"https:\/\/shiawaves.com\/turkish\/2024\/08\/31\/erbain-ziyareti-basligiyla-8-bilimsel-ve-uluslararasi-erbain-konferansi-insan-ve-arap-medeniyetine-kuresel-yaklasimlara-dogru-sergisi-kerbelada-basladi\/#breadcrumb"},"inLanguage":"tr","potentialAction":[{"@type":"ReadAction","target":["https:\/\/shiawaves.com\/turkish\/2024\/08\/31\/erbain-ziyareti-basligiyla-8-bilimsel-ve-uluslararasi-erbain-konferansi-insan-ve-arap-medeniyetine-kuresel-yaklasimlara-dogru-sergisi-kerbelada-basladi\/"]}]},{"@type":"ImageObject","inLanguage":"tr","@id":"https:\/\/shiawaves.com\/turkish\/2024\/08\/31\/erbain-ziyareti-basligiyla-8-bilimsel-ve-uluslararasi-erbain-konferansi-insan-ve-arap-medeniyetine-kuresel-yaklasimlara-dogru-sergisi-kerbelada-basladi\/#primaryimage","url":"https:\/\/shiawaves.com\/turkish\/wp-content\/uploads\/sites\/6\/2024\/08\/4A2E4F81-227D-46C4-933E-57694B87BF73.jpeg","contentUrl":"https:\/\/shiawaves.com\/turkish\/wp-content\/uploads\/sites\/6\/2024\/08\/4A2E4F81-227D-46C4-933E-57694B87BF73.jpeg","width":1024,"height":576},{"@type":"BreadcrumbList","@id":"https:\/\/shiawaves.com\/turkish\/2024\/08\/31\/erbain-ziyareti-basligiyla-8-bilimsel-ve-uluslararasi-erbain-konferansi-insan-ve-arap-medeniyetine-kuresel-yaklasimlara-dogru-sergisi-kerbelada-basladi\/#breadcrumb","itemListElement":[{"@type":"ListItem","position":1,"name":"Home","item":"https:\/\/shiawaves.com\/turkish\/"},{"@type":"ListItem","position":2,"name":"Kerbela&#8217;da 8. Uluslararas\u0131 \u0130lmi Erbain Konferans\u0131\u00a0"}]},{"@type":"WebSite","@id":"https:\/\/shiawaves.com\/turkish\/#website","url":"https:\/\/shiawaves.com\/turkish\/","name":"ShiaWaves Turkish - \u015eia Haberleri","description":"","potentialAction":[{"@type":"SearchAction","target":{"@type":"EntryPoint","urlTemplate":"https:\/\/shiawaves.com\/turkish\/?s={search_term_string}"},"query-input":{"@type":"PropertyValueSpecification","valueRequired":true,"valueName":"search_term_string"}}],"inLanguage":"tr"},{"@type":"Person","@id":"https:\/\/shiawaves.com\/turkish\/#\/schema\/person\/9f68d5023e948086b9348fba5aebd954","name":"modir","image":{"@type":"ImageObject","inLanguage":"tr","@id":"https:\/\/shiawaves.com\/turkish\/#\/schema\/person\/image\/","url":"https:\/\/secure.gravatar.com\/avatar\/8e76f93cdbdd480bd8918d1e0e1d938664c9cb1516c2a57a2b96fe50b507a6b9?s=96&d=mm&r=g","contentUrl":"https:\/\/secure.gravatar.com\/avatar\/8e76f93cdbdd480bd8918d1e0e1d938664c9cb1516c2a57a2b96fe50b507a6b9?s=96&d=mm&r=g","caption":"modir"},"sameAs":["https:\/\/shiawaves.com"],"url":"https:\/\/shiawaves.com\/turkish\/author\/modir\/"}]}},"_links":{"self":[{"href":"https:\/\/shiawaves.com\/turkish\/wp-json\/wp\/v2\/posts\/107013","targetHints":{"allow":["GET"]}}],"collection":[{"href":"https:\/\/shiawaves.com\/turkish\/wp-json\/wp\/v2\/posts"}],"about":[{"href":"https:\/\/shiawaves.com\/turkish\/wp-json\/wp\/v2\/types\/post"}],"author":[{"embeddable":true,"href":"https:\/\/shiawaves.com\/turkish\/wp-json\/wp\/v2\/users\/1"}],"replies":[{"embeddable":true,"href":"https:\/\/shiawaves.com\/turkish\/wp-json\/wp\/v2\/comments?post=107013"}],"version-history":[{"count":1,"href":"https:\/\/shiawaves.com\/turkish\/wp-json\/wp\/v2\/posts\/107013\/revisions"}],"predecessor-version":[{"id":107015,"href":"https:\/\/shiawaves.com\/turkish\/wp-json\/wp\/v2\/posts\/107013\/revisions\/107015"}],"wp:featuredmedia":[{"embeddable":true,"href":"https:\/\/shiawaves.com\/turkish\/wp-json\/wp\/v2\/media\/107014"}],"wp:attachment":[{"href":"https:\/\/shiawaves.com\/turkish\/wp-json\/wp\/v2\/media?parent=107013"}],"wp:term":[{"taxonomy":"category","embeddable":true,"href":"https:\/\/shiawaves.com\/turkish\/wp-json\/wp\/v2\/categories?post=107013"},{"taxonomy":"post_tag","embeddable":true,"href":"https:\/\/shiawaves.com\/turkish\/wp-json\/wp\/v2\/tags?post=107013"}],"curies":[{"name":"wp","href":"https:\/\/api.w.org\/{rel}","templated":true}]}}