{"id":106987,"date":"2024-08-30T14:25:00","date_gmt":"2024-08-30T11:25:00","guid":{"rendered":"https:\/\/shiawaves.com\/turkish\/?p=106987"},"modified":"2024-08-30T13:30:14","modified_gmt":"2024-08-30T10:30:14","slug":"imam-huseyin-a-s-medya-grubunun-erbain-yayinlari-sona-erdi","status":"publish","type":"post","link":"https:\/\/shiawaves.com\/turkish\/2024\/08\/30\/imam-huseyin-a-s-medya-grubunun-erbain-yayinlari-sona-erdi\/","title":{"rendered":"\u0130mam H\u00fcseyin (a.s) medya Grubunun Erbain Yay\u0131nlar\u0131 Sona Erdi."},"content":{"rendered":"\n<p>Erbain merasiminde \u0130mam H\u00fcseyin (a.s) medya grubu taraf\u0131ndan g\u00f6sterilen canl\u0131 yay\u0131nlar sona erdi.<\/p>\n\n\n\n<p>Irak&#8217;\u0131n farkl\u0131 b\u00f6lgelerindeki Erbain merasiminin bu y\u0131l \u00f6nceki y\u0131llara g\u00f6re daha erken ba\u015flad\u0131\u011f\u0131n\u0131 da belirtmek gerekiyor.<\/p>\n\n\n\n<p> <\/p>\n\n\n\n<figure class=\"wp-block-image size-large\"><img loading=\"lazy\" decoding=\"async\" width=\"1024\" height=\"605\" src=\"https:\/\/shiawaves.com\/turkish\/wp-content\/uploads\/sites\/6\/2024\/08\/image-66-1024x605.png\" alt=\"\" class=\"wp-image-106988\" srcset=\"https:\/\/shiawaves.com\/turkish\/wp-content\/uploads\/sites\/6\/2024\/08\/image-66-1024x605.png 1024w, https:\/\/shiawaves.com\/turkish\/wp-content\/uploads\/sites\/6\/2024\/08\/image-66-300x177.png 300w, https:\/\/shiawaves.com\/turkish\/wp-content\/uploads\/sites\/6\/2024\/08\/image-66-768x454.png 768w, https:\/\/shiawaves.com\/turkish\/wp-content\/uploads\/sites\/6\/2024\/08\/image-66.png 1186w\" sizes=\"auto, (max-width: 1024px) 100vw, 1024px\" \/><\/figure>\n\n\n\n<p>22 Muharrem Pazartesi sabah\u0131 Basra&#8217;n\u0131n g\u00fcneyindeki Ras el-Bi\u015feh b\u00f6lgesinde 12. &#8220;Denizden nehre&#8221; sloganl\u0131 Erbain y\u00fcr\u00fcy\u00fc\u015f\u00fc ba\u015flad\u0131.<\/p>\n\n\n\n<p>Bu y\u0131l Erbain ziyaret\u00e7ilerinin bu programa \u00f6nceki y\u0131llara g\u00f6re daha erken ba\u015flad\u0131\u011f\u0131n\u0131, Irak&#8217;\u0131n farkl\u0131 yerlerinde Erbain heyetlerinin \u00f6nceki y\u0131llara g\u00f6re daha erken ba\u015flad\u0131\u011f\u0131n\u0131 belirtmekte fayda var.<\/p>\n\n\n\n<p>1446 y\u0131l\u0131nda da \u00f6nceki y\u0131llarda oldu\u011fu gibi \u0130mam H\u00fcseyin (a.s)\u2019\u0131n Erbain merasimi \u0130mam H\u00fcseyin Medya Grubu&#8217;na ait alt\u0131 TV kanal\u0131 taraf\u0131ndan d\u00fcnyan\u0131n be\u015f dilinde canl\u0131 yay\u0131n olarak ger\u00e7ekle\u015ftirildi.<\/p>\n\n\n\n<p>\u0130mam H\u00fcseyin (a.s) medya grubu bu d\u00f6nemde Erbain y\u00fcr\u00fcy\u00fc\u015f\u00fcn\u00fc g\u00fcnde 16 saatten fazla canl\u0131 yay\u0131nlayarak izleyicilerine bu y\u00fcr\u00fcy\u00fc\u015f\u00fcn t\u00fcm detaylar\u0131n\u0131 takip etme ve onlarla do\u011frudan ba\u011flant\u0131 kurma f\u0131rsat\u0131 verdi.<\/p>\n\n\n\n<p>Aral\u0131ks\u0131z bir ay boyunca yay\u0131nlanan bu yay\u0131m, bu medya grubunun d\u00fcnyan\u0131n d\u00f6rt bir yerinden Ehl-i Beyt (a.s)\u2019\u0131n a\u015f\u0131klar\u0131n\u0131n talebine yan\u0131t vermek ve Erbain t\u00f6reniyle ilgili do\u011fru ve kapsaml\u0131 bilgi sa\u011flamak i\u00e7in g\u00f6sterdi\u011fi b\u00fcy\u00fck \u00e7abay\u0131 g\u00f6stermektedir.<\/p>\n\n\n\n<p>Erbain ziyareti, Irakl\u0131 \u015eiiler aras\u0131nda pop\u00fcler dini geleneklerden biridir ve k\u00f6keni y\u00fczlerce y\u0131l \u00f6ncesine, Ehl-i Beyt (a.s)\u2019\u0131n dostlar\u0131n\u0131n Erbain amac\u0131yla Irak&#8217;\u0131n farkl\u0131 yerlerinden Kerbela&#8217;ya ta\u015f\u0131nd\u0131klar\u0131 zamana kadar uzan\u0131r.<\/p>\n\n\n\n<p>Son y\u0131llarda bu t\u00f6rene milyonlarca insan\u0131n kat\u0131ld\u0131\u011f\u0131, dolay\u0131s\u0131yla bu etkinli\u011fin d\u00fcnyadaki en b\u00fcy\u00fck y\u0131ll\u0131k dini toplant\u0131 olarak kabul edildi\u011fi, bu t\u00f6rende haz\u0131r bulunan ki\u015fi say\u0131s\u0131 hakk\u0131nda on be\u015f ile otuz milyon aras\u0131nda bir istatistik belirtilmektedir.<\/p>\n\n\n\n<p>Hicri 1403 y\u0131l\u0131ndan itibaren, Erbain merasiminin \u0130mam H\u00fcseyin (a.s) medya grubu taraf\u0131ndan canl\u0131 olarak yay\u0131nland\u0131\u011f\u0131 on d\u00f6rd\u00fcnc\u00fc y\u0131l oldu\u011funu, \u00f6nceki y\u0131llarda oldu\u011fu gibi di\u011fer yay\u0131n kurulu\u015flar\u0131na \u00fccretsiz yay\u0131n ve destek hizmetlerini de verdi\u011fini belirtmek gerekir.<\/p>\n","protected":false},"excerpt":{"rendered":"<p>Erbain merasiminde \u0130mam H\u00fcseyin (a.s) medya grubu taraf\u0131ndan g\u00f6sterilen canl\u0131 yay\u0131nlar sona erdi. Irak&#8217;\u0131n farkl\u0131 b\u00f6lgelerindeki Erbain merasiminin bu y\u0131l \u00f6nceki y\u0131llara g\u00f6re daha erken ba\u015flad\u0131\u011f\u0131n\u0131 da belirtmek gerekiyor. 22 Muharrem Pazartesi sabah\u0131 Basra&#8217;n\u0131n g\u00fcneyindeki Ras el-Bi\u015feh b\u00f6lgesinde 12. &#8220;Denizden nehre&#8221; sloganl\u0131 Erbain y\u00fcr\u00fcy\u00fc\u015f\u00fc ba\u015flad\u0131. Bu y\u0131l Erbain ziyaret\u00e7ilerinin bu programa \u00f6nceki y\u0131llara g\u00f6re daha &hellip;<\/p>\n","protected":false},"author":1,"featured_media":106988,"comment_status":"open","ping_status":"open","sticky":false,"template":"","format":"standard","meta":{"rop_custom_images_group":[],"rop_custom_messages_group":[],"rop_publish_now":"initial","rop_publish_now_accounts":[],"rop_publish_now_history":[],"rop_publish_now_status":"pending","footnotes":""},"categories":[26,27],"tags":[193,406,710],"class_list":["post-106987","post","type-post","status-publish","format-standard","has-post-thumbnail","hentry","category-marjaeyat","category-int-and-media","tag-erbain-ziyareti","tag-imam-huseyin","tag-imam-huseyin-a-s-medya-grubunun-erbain-yayinlari-sona-erdi"],"_wp_page_template":null,"_wp_attached_file":null,"_wp_attachment_metadata":null,"_edit_lock":"1725013816:1","yoast_head":"<!-- This site is optimized with the Yoast SEO plugin v24.3 - https:\/\/yoast.com\/wordpress\/plugins\/seo\/ -->\n<title>\u0130mam H\u00fcseyin (a.s) medya Grubunun Erbain Yay\u0131nlar\u0131 Sona Erdi. - ShiaWaves Turkish - \u015eia Haberleri<\/title>\n<meta name=\"description\" content=\"\u0130mam H\u00fcseyin (a.s) medya Grubunun Erbain Yay\u0131nlar\u0131 Sona Erdi.\" \/>\n<meta name=\"robots\" content=\"index, follow, max-snippet:-1, max-image-preview:large, max-video-preview:-1\" \/>\n<link rel=\"canonical\" href=\"https:\/\/shiawaves.com\/turkish\/2024\/08\/30\/imam-huseyin-a-s-medya-grubunun-erbain-yayinlari-sona-erdi\/\" \/>\n<meta property=\"og:locale\" content=\"tr_TR\" \/>\n<meta property=\"og:type\" content=\"article\" \/>\n<meta property=\"og:title\" content=\"\u0130mam H\u00fcseyin (a.s) medya Grubunun Erbain Yay\u0131nlar\u0131 Sona Erdi. - ShiaWaves Turkish - \u015eia Haberleri\" \/>\n<meta property=\"og:description\" content=\"\u0130mam H\u00fcseyin (a.s) medya Grubunun Erbain Yay\u0131nlar\u0131 Sona Erdi.\" \/>\n<meta property=\"og:url\" content=\"https:\/\/shiawaves.com\/turkish\/2024\/08\/30\/imam-huseyin-a-s-medya-grubunun-erbain-yayinlari-sona-erdi\/\" \/>\n<meta property=\"og:site_name\" content=\"ShiaWaves Turkish - \u015eia Haberleri\" \/>\n<meta property=\"article:published_time\" content=\"2024-08-30T11:25:00+00:00\" \/>\n<meta property=\"article:modified_time\" content=\"2024-08-30T10:30:14+00:00\" \/>\n<meta property=\"og:image\" content=\"https:\/\/shiawaves.com\/turkish\/wp-content\/uploads\/sites\/6\/2024\/08\/image-66.png\" \/>\n\t<meta property=\"og:image:width\" content=\"1186\" \/>\n\t<meta property=\"og:image:height\" content=\"701\" \/>\n\t<meta property=\"og:image:type\" content=\"image\/png\" \/>\n<meta name=\"author\" content=\"modir\" \/>\n<meta name=\"twitter:card\" content=\"summary_large_image\" \/>\n<meta name=\"twitter:label1\" content=\"Yazan:\" \/>\n\t<meta name=\"twitter:data1\" content=\"modir\" \/>\n\t<meta name=\"twitter:label2\" content=\"Tahmini okuma s\u00fcresi\" \/>\n\t<meta name=\"twitter:data2\" content=\"2 dakika\" \/>\n<script type=\"application\/ld+json\" class=\"yoast-schema-graph\">{\"@context\":\"https:\/\/schema.org\",\"@graph\":[{\"@type\":\"WebPage\",\"@id\":\"https:\/\/shiawaves.com\/turkish\/2024\/08\/30\/imam-huseyin-a-s-medya-grubunun-erbain-yayinlari-sona-erdi\/\",\"url\":\"https:\/\/shiawaves.com\/turkish\/2024\/08\/30\/imam-huseyin-a-s-medya-grubunun-erbain-yayinlari-sona-erdi\/\",\"name\":\"\u0130mam H\u00fcseyin (a.s) medya Grubunun Erbain Yay\u0131nlar\u0131 Sona Erdi. - ShiaWaves Turkish - \u015eia Haberleri\",\"isPartOf\":{\"@id\":\"https:\/\/shiawaves.com\/turkish\/#website\"},\"primaryImageOfPage\":{\"@id\":\"https:\/\/shiawaves.com\/turkish\/2024\/08\/30\/imam-huseyin-a-s-medya-grubunun-erbain-yayinlari-sona-erdi\/#primaryimage\"},\"image\":{\"@id\":\"https:\/\/shiawaves.com\/turkish\/2024\/08\/30\/imam-huseyin-a-s-medya-grubunun-erbain-yayinlari-sona-erdi\/#primaryimage\"},\"thumbnailUrl\":\"https:\/\/shiawaves.com\/turkish\/wp-content\/uploads\/sites\/6\/2024\/08\/image-66.png\",\"datePublished\":\"2024-08-30T11:25:00+00:00\",\"dateModified\":\"2024-08-30T10:30:14+00:00\",\"author\":{\"@id\":\"https:\/\/shiawaves.com\/turkish\/#\/schema\/person\/9f68d5023e948086b9348fba5aebd954\"},\"description\":\"\u0130mam H\u00fcseyin (a.s) medya Grubunun Erbain Yay\u0131nlar\u0131 Sona Erdi.\",\"breadcrumb\":{\"@id\":\"https:\/\/shiawaves.com\/turkish\/2024\/08\/30\/imam-huseyin-a-s-medya-grubunun-erbain-yayinlari-sona-erdi\/#breadcrumb\"},\"inLanguage\":\"tr\",\"potentialAction\":[{\"@type\":\"ReadAction\",\"target\":[\"https:\/\/shiawaves.com\/turkish\/2024\/08\/30\/imam-huseyin-a-s-medya-grubunun-erbain-yayinlari-sona-erdi\/\"]}]},{\"@type\":\"ImageObject\",\"inLanguage\":\"tr\",\"@id\":\"https:\/\/shiawaves.com\/turkish\/2024\/08\/30\/imam-huseyin-a-s-medya-grubunun-erbain-yayinlari-sona-erdi\/#primaryimage\",\"url\":\"https:\/\/shiawaves.com\/turkish\/wp-content\/uploads\/sites\/6\/2024\/08\/image-66.png\",\"contentUrl\":\"https:\/\/shiawaves.com\/turkish\/wp-content\/uploads\/sites\/6\/2024\/08\/image-66.png\",\"width\":1186,\"height\":701,\"caption\":\"\u0130mam H\u00fcseyin (a.s) medya Grubunun Erbain Yay\u0131nlar\u0131 Sona Erdi.\"},{\"@type\":\"BreadcrumbList\",\"@id\":\"https:\/\/shiawaves.com\/turkish\/2024\/08\/30\/imam-huseyin-a-s-medya-grubunun-erbain-yayinlari-sona-erdi\/#breadcrumb\",\"itemListElement\":[{\"@type\":\"ListItem\",\"position\":1,\"name\":\"Home\",\"item\":\"https:\/\/shiawaves.com\/turkish\/\"},{\"@type\":\"ListItem\",\"position\":2,\"name\":\"\u0130mam H\u00fcseyin (a.s) medya Grubunun Erbain Yay\u0131nlar\u0131 Sona Erdi.\"}]},{\"@type\":\"WebSite\",\"@id\":\"https:\/\/shiawaves.com\/turkish\/#website\",\"url\":\"https:\/\/shiawaves.com\/turkish\/\",\"name\":\"ShiaWaves Turkish - \u015eia Haberleri\",\"description\":\"\",\"potentialAction\":[{\"@type\":\"SearchAction\",\"target\":{\"@type\":\"EntryPoint\",\"urlTemplate\":\"https:\/\/shiawaves.com\/turkish\/?s={search_term_string}\"},\"query-input\":{\"@type\":\"PropertyValueSpecification\",\"valueRequired\":true,\"valueName\":\"search_term_string\"}}],\"inLanguage\":\"tr\"},{\"@type\":\"Person\",\"@id\":\"https:\/\/shiawaves.com\/turkish\/#\/schema\/person\/9f68d5023e948086b9348fba5aebd954\",\"name\":\"modir\",\"image\":{\"@type\":\"ImageObject\",\"inLanguage\":\"tr\",\"@id\":\"https:\/\/shiawaves.com\/turkish\/#\/schema\/person\/image\/\",\"url\":\"https:\/\/secure.gravatar.com\/avatar\/8e76f93cdbdd480bd8918d1e0e1d938664c9cb1516c2a57a2b96fe50b507a6b9?s=96&d=mm&r=g\",\"contentUrl\":\"https:\/\/secure.gravatar.com\/avatar\/8e76f93cdbdd480bd8918d1e0e1d938664c9cb1516c2a57a2b96fe50b507a6b9?s=96&d=mm&r=g\",\"caption\":\"modir\"},\"sameAs\":[\"https:\/\/shiawaves.com\"],\"url\":\"https:\/\/shiawaves.com\/turkish\/author\/modir\/\"}]}<\/script>\n<!-- \/ Yoast SEO plugin. -->","yoast_head_json":{"title":"\u0130mam H\u00fcseyin (a.s) medya Grubunun Erbain Yay\u0131nlar\u0131 Sona Erdi. - ShiaWaves Turkish - \u015eia Haberleri","description":"\u0130mam H\u00fcseyin (a.s) medya Grubunun Erbain Yay\u0131nlar\u0131 Sona Erdi.","robots":{"index":"index","follow":"follow","max-snippet":"max-snippet:-1","max-image-preview":"max-image-preview:large","max-video-preview":"max-video-preview:-1"},"canonical":"https:\/\/shiawaves.com\/turkish\/2024\/08\/30\/imam-huseyin-a-s-medya-grubunun-erbain-yayinlari-sona-erdi\/","og_locale":"tr_TR","og_type":"article","og_title":"\u0130mam H\u00fcseyin (a.s) medya Grubunun Erbain Yay\u0131nlar\u0131 Sona Erdi. - ShiaWaves Turkish - \u015eia Haberleri","og_description":"\u0130mam H\u00fcseyin (a.s) medya Grubunun Erbain Yay\u0131nlar\u0131 Sona Erdi.","og_url":"https:\/\/shiawaves.com\/turkish\/2024\/08\/30\/imam-huseyin-a-s-medya-grubunun-erbain-yayinlari-sona-erdi\/","og_site_name":"ShiaWaves Turkish - \u015eia Haberleri","article_published_time":"2024-08-30T11:25:00+00:00","article_modified_time":"2024-08-30T10:30:14+00:00","og_image":[{"width":1186,"height":701,"url":"https:\/\/shiawaves.com\/turkish\/wp-content\/uploads\/sites\/6\/2024\/08\/image-66.png","type":"image\/png"}],"author":"modir","twitter_card":"summary_large_image","twitter_misc":{"Yazan:":"modir","Tahmini okuma s\u00fcresi":"2 dakika"},"schema":{"@context":"https:\/\/schema.org","@graph":[{"@type":"WebPage","@id":"https:\/\/shiawaves.com\/turkish\/2024\/08\/30\/imam-huseyin-a-s-medya-grubunun-erbain-yayinlari-sona-erdi\/","url":"https:\/\/shiawaves.com\/turkish\/2024\/08\/30\/imam-huseyin-a-s-medya-grubunun-erbain-yayinlari-sona-erdi\/","name":"\u0130mam H\u00fcseyin (a.s) medya Grubunun Erbain Yay\u0131nlar\u0131 Sona Erdi. - ShiaWaves Turkish - \u015eia Haberleri","isPartOf":{"@id":"https:\/\/shiawaves.com\/turkish\/#website"},"primaryImageOfPage":{"@id":"https:\/\/shiawaves.com\/turkish\/2024\/08\/30\/imam-huseyin-a-s-medya-grubunun-erbain-yayinlari-sona-erdi\/#primaryimage"},"image":{"@id":"https:\/\/shiawaves.com\/turkish\/2024\/08\/30\/imam-huseyin-a-s-medya-grubunun-erbain-yayinlari-sona-erdi\/#primaryimage"},"thumbnailUrl":"https:\/\/shiawaves.com\/turkish\/wp-content\/uploads\/sites\/6\/2024\/08\/image-66.png","datePublished":"2024-08-30T11:25:00+00:00","dateModified":"2024-08-30T10:30:14+00:00","author":{"@id":"https:\/\/shiawaves.com\/turkish\/#\/schema\/person\/9f68d5023e948086b9348fba5aebd954"},"description":"\u0130mam H\u00fcseyin (a.s) medya Grubunun Erbain Yay\u0131nlar\u0131 Sona Erdi.","breadcrumb":{"@id":"https:\/\/shiawaves.com\/turkish\/2024\/08\/30\/imam-huseyin-a-s-medya-grubunun-erbain-yayinlari-sona-erdi\/#breadcrumb"},"inLanguage":"tr","potentialAction":[{"@type":"ReadAction","target":["https:\/\/shiawaves.com\/turkish\/2024\/08\/30\/imam-huseyin-a-s-medya-grubunun-erbain-yayinlari-sona-erdi\/"]}]},{"@type":"ImageObject","inLanguage":"tr","@id":"https:\/\/shiawaves.com\/turkish\/2024\/08\/30\/imam-huseyin-a-s-medya-grubunun-erbain-yayinlari-sona-erdi\/#primaryimage","url":"https:\/\/shiawaves.com\/turkish\/wp-content\/uploads\/sites\/6\/2024\/08\/image-66.png","contentUrl":"https:\/\/shiawaves.com\/turkish\/wp-content\/uploads\/sites\/6\/2024\/08\/image-66.png","width":1186,"height":701,"caption":"\u0130mam H\u00fcseyin (a.s) medya Grubunun Erbain Yay\u0131nlar\u0131 Sona Erdi."},{"@type":"BreadcrumbList","@id":"https:\/\/shiawaves.com\/turkish\/2024\/08\/30\/imam-huseyin-a-s-medya-grubunun-erbain-yayinlari-sona-erdi\/#breadcrumb","itemListElement":[{"@type":"ListItem","position":1,"name":"Home","item":"https:\/\/shiawaves.com\/turkish\/"},{"@type":"ListItem","position":2,"name":"\u0130mam H\u00fcseyin (a.s) medya Grubunun Erbain Yay\u0131nlar\u0131 Sona Erdi."}]},{"@type":"WebSite","@id":"https:\/\/shiawaves.com\/turkish\/#website","url":"https:\/\/shiawaves.com\/turkish\/","name":"ShiaWaves Turkish - \u015eia Haberleri","description":"","potentialAction":[{"@type":"SearchAction","target":{"@type":"EntryPoint","urlTemplate":"https:\/\/shiawaves.com\/turkish\/?s={search_term_string}"},"query-input":{"@type":"PropertyValueSpecification","valueRequired":true,"valueName":"search_term_string"}}],"inLanguage":"tr"},{"@type":"Person","@id":"https:\/\/shiawaves.com\/turkish\/#\/schema\/person\/9f68d5023e948086b9348fba5aebd954","name":"modir","image":{"@type":"ImageObject","inLanguage":"tr","@id":"https:\/\/shiawaves.com\/turkish\/#\/schema\/person\/image\/","url":"https:\/\/secure.gravatar.com\/avatar\/8e76f93cdbdd480bd8918d1e0e1d938664c9cb1516c2a57a2b96fe50b507a6b9?s=96&d=mm&r=g","contentUrl":"https:\/\/secure.gravatar.com\/avatar\/8e76f93cdbdd480bd8918d1e0e1d938664c9cb1516c2a57a2b96fe50b507a6b9?s=96&d=mm&r=g","caption":"modir"},"sameAs":["https:\/\/shiawaves.com"],"url":"https:\/\/shiawaves.com\/turkish\/author\/modir\/"}]}},"_links":{"self":[{"href":"https:\/\/shiawaves.com\/turkish\/wp-json\/wp\/v2\/posts\/106987","targetHints":{"allow":["GET"]}}],"collection":[{"href":"https:\/\/shiawaves.com\/turkish\/wp-json\/wp\/v2\/posts"}],"about":[{"href":"https:\/\/shiawaves.com\/turkish\/wp-json\/wp\/v2\/types\/post"}],"author":[{"embeddable":true,"href":"https:\/\/shiawaves.com\/turkish\/wp-json\/wp\/v2\/users\/1"}],"replies":[{"embeddable":true,"href":"https:\/\/shiawaves.com\/turkish\/wp-json\/wp\/v2\/comments?post=106987"}],"version-history":[{"count":1,"href":"https:\/\/shiawaves.com\/turkish\/wp-json\/wp\/v2\/posts\/106987\/revisions"}],"predecessor-version":[{"id":106989,"href":"https:\/\/shiawaves.com\/turkish\/wp-json\/wp\/v2\/posts\/106987\/revisions\/106989"}],"wp:featuredmedia":[{"embeddable":true,"href":"https:\/\/shiawaves.com\/turkish\/wp-json\/wp\/v2\/media\/106988"}],"wp:attachment":[{"href":"https:\/\/shiawaves.com\/turkish\/wp-json\/wp\/v2\/media?parent=106987"}],"wp:term":[{"taxonomy":"category","embeddable":true,"href":"https:\/\/shiawaves.com\/turkish\/wp-json\/wp\/v2\/categories?post=106987"},{"taxonomy":"post_tag","embeddable":true,"href":"https:\/\/shiawaves.com\/turkish\/wp-json\/wp\/v2\/tags?post=106987"}],"curies":[{"name":"wp","href":"https:\/\/api.w.org\/{rel}","templated":true}]}}