{"id":106849,"date":"2024-08-14T15:30:00","date_gmt":"2024-08-14T12:30:00","guid":{"rendered":"https:\/\/shiawaves.com\/turkish\/?p=106849"},"modified":"2024-08-14T14:43:38","modified_gmt":"2024-08-14T11:43:38","slug":"pazartesi-gunu-necef-esref-sehri-imam-huseyin-a-sin-erbain-ziyareti-temali-necef-esref-ilim-havzasi-talebelerinin-13-yillik-konferansinin-duzenlenmesine-tanik-oldu","status":"publish","type":"post","link":"https:\/\/shiawaves.com\/turkish\/2024\/08\/14\/pazartesi-gunu-necef-esref-sehri-imam-huseyin-a-sin-erbain-ziyareti-temali-necef-esref-ilim-havzasi-talebelerinin-13-yillik-konferansinin-duzenlenmesine-tanik-oldu\/","title":{"rendered":"Necef E\u015fref&#8217;te 13. y\u0131ll\u0131k Erbain Ziyareti Konferans\u0131"},"content":{"rendered":"\n<p>Pazartesi g\u00fcn\u00fc, Necef E\u015fref \u015fehri, \u0130mam H\u00fcseyin (a.s)\u2019\u0131n Erbain ziyareti temal\u0131 Necef E\u015fref \u0130lim Havzas\u0131 Talebelerinin 13. y\u0131ll\u0131k konferans\u0131n\u0131n d\u00fczenlenmesine tan\u0131k oldu.<\/p>\n\n\n\n<p>Necef E\u015fref \u0130lim Havzas\u0131 (\u0130lim Havzas\u0131 Talebeleri Erbain ziyareti yolunda dini konulara de\u011finecektir) slogan\u0131yla d\u00fczenledi\u011fi bu konferans, Kur&#8217;an-\u0131 Kerim&#8217;den ayetlerin okunmas\u0131 ve Irak\u2019l\u0131 \u015fehitlerin ruhlar\u0131na Fatiha Suresi&#8217;nin okunmas\u0131yla ba\u015flad\u0131.<\/p>\n\n\n\n<figure class=\"wp-block-image size-full\"><img loading=\"lazy\" decoding=\"async\" width=\"1024\" height=\"682\" src=\"https:\/\/shiawaves.com\/turkish\/wp-content\/uploads\/sites\/6\/2024\/08\/image-24.png\" alt=\"\" class=\"wp-image-106850\" srcset=\"https:\/\/shiawaves.com\/turkish\/wp-content\/uploads\/sites\/6\/2024\/08\/image-24.png 1024w, https:\/\/shiawaves.com\/turkish\/wp-content\/uploads\/sites\/6\/2024\/08\/image-24-300x200.png 300w, https:\/\/shiawaves.com\/turkish\/wp-content\/uploads\/sites\/6\/2024\/08\/image-24-768x512.png 768w\" sizes=\"auto, (max-width: 1024px) 100vw, 1024px\" \/><\/figure>\n\n\n\n<p>Kat\u0131l\u0131mc\u0131lar, bu konferans\u0131n d\u00fczenlenmesinin amac\u0131n\u0131n Erbain ziyaretinin itikadi ve f\u0131khi y\u00f6nlerini tan\u0131tmak ve Irak i\u00e7inden ve d\u0131\u015f\u0131ndan gelen Erbain ziyaret\u00e7ilerinin sorular\u0131n\u0131 yan\u0131tlamak oldu\u011funu belirtti.<\/p>\n\n\n\n<p>Ayr\u0131ca, bu y\u0131ll\u0131k konferans\u0131n ba\u015flat\u0131lmas\u0131n\u0131n, d\u00fcnyan\u0131n her yerinden ve Irak&#8217;\u0131n farkl\u0131 illerinden milyonlarca ziyaret\u00e7iyi Kerbela&#8217;ya y\u00f6nlendiren b\u00fcy\u00fck bir medya projesi olan b\u00fcy\u00fck Erbain ziyaretinin bilimsel ve hukuki y\u00f6nlerini derinle\u015ftirdi\u011fini de eklediler.<\/p>\n\n\n\n<figure class=\"wp-block-image size-full\"><img loading=\"lazy\" decoding=\"async\" width=\"1024\" height=\"682\" src=\"https:\/\/shiawaves.com\/turkish\/wp-content\/uploads\/sites\/6\/2024\/08\/image-25.png\" alt=\"\" class=\"wp-image-106851\" srcset=\"https:\/\/shiawaves.com\/turkish\/wp-content\/uploads\/sites\/6\/2024\/08\/image-25.png 1024w, https:\/\/shiawaves.com\/turkish\/wp-content\/uploads\/sites\/6\/2024\/08\/image-25-300x200.png 300w, https:\/\/shiawaves.com\/turkish\/wp-content\/uploads\/sites\/6\/2024\/08\/image-25-768x512.png 768w\" sizes=\"auto, (max-width: 1024px) 100vw, 1024px\" \/><\/figure>\n\n\n\n<p>Konferansa kat\u0131lanlar ayr\u0131ca bu projenin dini fark\u0131ndal\u0131\u011f\u0131 yayg\u0131nla\u015ft\u0131rmak ve ziyaret\u00e7ilerin sorular\u0131na cevap vermek amac\u0131yla hayata ge\u00e7irildi\u011fini vurgulad\u0131.<\/p>\n\n\n\n<p>Necef E\u015fref \u0130lim Havzas\u0131 talebeleriyle i\u015fbirli\u011fi i\u00e7inde ger\u00e7ekle\u015ftirilecek olan bu organizasyonda, bir grup se\u00e7kin din adam\u0131 da Kerbela&#8217;ya giden yollarda ziyaret\u00e7ilerin \u015feri h\u00fck\u00fcmlerini yan\u0131tlamak ve dini konular\u0131 anlatmak \u00fczere haz\u0131r bulunacakt\u0131r..<\/p>\n","protected":false},"excerpt":{"rendered":"<p>Pazartesi g\u00fcn\u00fc, Necef E\u015fref \u015fehri, \u0130mam H\u00fcseyin (a.s)\u2019\u0131n Erbain ziyareti temal\u0131 Necef E\u015fref \u0130lim Havzas\u0131 Talebelerinin 13. y\u0131ll\u0131k konferans\u0131n\u0131n d\u00fczenlenmesine tan\u0131k oldu. Necef E\u015fref \u0130lim Havzas\u0131 (\u0130lim Havzas\u0131 Talebeleri Erbain ziyareti yolunda dini konulara de\u011finecektir) slogan\u0131yla d\u00fczenledi\u011fi bu konferans, Kur&#8217;an-\u0131 Kerim&#8217;den ayetlerin okunmas\u0131 ve Irak\u2019l\u0131 \u015fehitlerin ruhlar\u0131na Fatiha Suresi&#8217;nin okunmas\u0131yla ba\u015flad\u0131. Kat\u0131l\u0131mc\u0131lar, bu konferans\u0131n d\u00fczenlenmesinin &hellip;<\/p>\n","protected":false},"author":1,"featured_media":106850,"comment_status":"open","ping_status":"open","sticky":false,"template":"","format":"standard","meta":{"rop_custom_images_group":[],"rop_custom_messages_group":[],"rop_publish_now":"initial","rop_publish_now_accounts":[],"rop_publish_now_history":[],"rop_publish_now_status":"pending","footnotes":""},"categories":[1],"tags":[639,118,638],"class_list":["post-106849","post","type-post","status-publish","format-standard","has-post-thumbnail","hentry","category-uncategorized","tag-erbain-ziyareti-konferansi","tag-necef-esrefte","tag-necef-esrefte-13-yillik-erbain-ziyareti-konferansi"],"_wp_page_template":null,"_wp_attached_file":null,"_wp_attachment_metadata":null,"_edit_lock":"1723635818:1","yoast_head":"<!-- This site is optimized with the Yoast SEO plugin v24.3 - https:\/\/yoast.com\/wordpress\/plugins\/seo\/ -->\n<title>Necef E\u015fref&#039;te 13. y\u0131ll\u0131k Erbain Ziyareti Konferans\u0131 - ShiaWaves Turkish - \u015eia Haberleri<\/title>\n<meta name=\"description\" content=\"Pazartesi g\u00fcn\u00fc, Necef E\u015fref \u015fehri, \u0130mam H\u00fcseyin (a.s)\u2019\u0131n Erbain ziyareti temal\u0131 Necef E\u015fref \u0130lim Havzas\u0131 Talebelerinin 13. y\u0131ll\u0131k konferans\u0131n\u0131n d\u00fczenlenmesine tan\u0131k oldu.\" \/>\n<meta name=\"robots\" content=\"index, follow, max-snippet:-1, max-image-preview:large, max-video-preview:-1\" \/>\n<link rel=\"canonical\" href=\"https:\/\/shiawaves.com\/turkish\/2024\/08\/14\/pazartesi-gunu-necef-esref-sehri-imam-huseyin-a-sin-erbain-ziyareti-temali-necef-esref-ilim-havzasi-talebelerinin-13-yillik-konferansinin-duzenlenmesine-tanik-oldu\/\" \/>\n<meta property=\"og:locale\" content=\"tr_TR\" \/>\n<meta property=\"og:type\" content=\"article\" \/>\n<meta property=\"og:title\" content=\"Necef E\u015fref&#039;te 13. y\u0131ll\u0131k Erbain Ziyareti Konferans\u0131 - ShiaWaves Turkish - \u015eia Haberleri\" \/>\n<meta property=\"og:description\" content=\"Pazartesi g\u00fcn\u00fc, Necef E\u015fref \u015fehri, \u0130mam H\u00fcseyin (a.s)\u2019\u0131n Erbain ziyareti temal\u0131 Necef E\u015fref \u0130lim Havzas\u0131 Talebelerinin 13. y\u0131ll\u0131k konferans\u0131n\u0131n d\u00fczenlenmesine tan\u0131k oldu.\" \/>\n<meta property=\"og:url\" content=\"https:\/\/shiawaves.com\/turkish\/2024\/08\/14\/pazartesi-gunu-necef-esref-sehri-imam-huseyin-a-sin-erbain-ziyareti-temali-necef-esref-ilim-havzasi-talebelerinin-13-yillik-konferansinin-duzenlenmesine-tanik-oldu\/\" \/>\n<meta property=\"og:site_name\" content=\"ShiaWaves Turkish - \u015eia Haberleri\" \/>\n<meta property=\"article:published_time\" content=\"2024-08-14T12:30:00+00:00\" \/>\n<meta property=\"article:modified_time\" content=\"2024-08-14T11:43:38+00:00\" \/>\n<meta property=\"og:image\" content=\"https:\/\/shiawaves.com\/turkish\/wp-content\/uploads\/sites\/6\/2024\/08\/image-24.png\" \/>\n\t<meta property=\"og:image:width\" content=\"1024\" \/>\n\t<meta property=\"og:image:height\" content=\"682\" \/>\n\t<meta property=\"og:image:type\" content=\"image\/png\" \/>\n<meta name=\"author\" content=\"modir\" \/>\n<meta name=\"twitter:card\" content=\"summary_large_image\" \/>\n<meta name=\"twitter:label1\" content=\"Yazan:\" \/>\n\t<meta name=\"twitter:data1\" content=\"modir\" \/>\n\t<meta name=\"twitter:label2\" content=\"Tahmini okuma s\u00fcresi\" \/>\n\t<meta name=\"twitter:data2\" content=\"2 dakika\" \/>\n<script type=\"application\/ld+json\" class=\"yoast-schema-graph\">{\"@context\":\"https:\/\/schema.org\",\"@graph\":[{\"@type\":\"WebPage\",\"@id\":\"https:\/\/shiawaves.com\/turkish\/2024\/08\/14\/pazartesi-gunu-necef-esref-sehri-imam-huseyin-a-sin-erbain-ziyareti-temali-necef-esref-ilim-havzasi-talebelerinin-13-yillik-konferansinin-duzenlenmesine-tanik-oldu\/\",\"url\":\"https:\/\/shiawaves.com\/turkish\/2024\/08\/14\/pazartesi-gunu-necef-esref-sehri-imam-huseyin-a-sin-erbain-ziyareti-temali-necef-esref-ilim-havzasi-talebelerinin-13-yillik-konferansinin-duzenlenmesine-tanik-oldu\/\",\"name\":\"Necef E\u015fref'te 13. y\u0131ll\u0131k Erbain Ziyareti Konferans\u0131 - ShiaWaves Turkish - \u015eia Haberleri\",\"isPartOf\":{\"@id\":\"https:\/\/shiawaves.com\/turkish\/#website\"},\"primaryImageOfPage\":{\"@id\":\"https:\/\/shiawaves.com\/turkish\/2024\/08\/14\/pazartesi-gunu-necef-esref-sehri-imam-huseyin-a-sin-erbain-ziyareti-temali-necef-esref-ilim-havzasi-talebelerinin-13-yillik-konferansinin-duzenlenmesine-tanik-oldu\/#primaryimage\"},\"image\":{\"@id\":\"https:\/\/shiawaves.com\/turkish\/2024\/08\/14\/pazartesi-gunu-necef-esref-sehri-imam-huseyin-a-sin-erbain-ziyareti-temali-necef-esref-ilim-havzasi-talebelerinin-13-yillik-konferansinin-duzenlenmesine-tanik-oldu\/#primaryimage\"},\"thumbnailUrl\":\"https:\/\/shiawaves.com\/turkish\/wp-content\/uploads\/sites\/6\/2024\/08\/image-24.png\",\"datePublished\":\"2024-08-14T12:30:00+00:00\",\"dateModified\":\"2024-08-14T11:43:38+00:00\",\"author\":{\"@id\":\"https:\/\/shiawaves.com\/turkish\/#\/schema\/person\/9f68d5023e948086b9348fba5aebd954\"},\"description\":\"Pazartesi g\u00fcn\u00fc, Necef E\u015fref \u015fehri, \u0130mam H\u00fcseyin (a.s)\u2019\u0131n Erbain ziyareti temal\u0131 Necef E\u015fref \u0130lim Havzas\u0131 Talebelerinin 13. y\u0131ll\u0131k konferans\u0131n\u0131n d\u00fczenlenmesine tan\u0131k oldu.\",\"breadcrumb\":{\"@id\":\"https:\/\/shiawaves.com\/turkish\/2024\/08\/14\/pazartesi-gunu-necef-esref-sehri-imam-huseyin-a-sin-erbain-ziyareti-temali-necef-esref-ilim-havzasi-talebelerinin-13-yillik-konferansinin-duzenlenmesine-tanik-oldu\/#breadcrumb\"},\"inLanguage\":\"tr\",\"potentialAction\":[{\"@type\":\"ReadAction\",\"target\":[\"https:\/\/shiawaves.com\/turkish\/2024\/08\/14\/pazartesi-gunu-necef-esref-sehri-imam-huseyin-a-sin-erbain-ziyareti-temali-necef-esref-ilim-havzasi-talebelerinin-13-yillik-konferansinin-duzenlenmesine-tanik-oldu\/\"]}]},{\"@type\":\"ImageObject\",\"inLanguage\":\"tr\",\"@id\":\"https:\/\/shiawaves.com\/turkish\/2024\/08\/14\/pazartesi-gunu-necef-esref-sehri-imam-huseyin-a-sin-erbain-ziyareti-temali-necef-esref-ilim-havzasi-talebelerinin-13-yillik-konferansinin-duzenlenmesine-tanik-oldu\/#primaryimage\",\"url\":\"https:\/\/shiawaves.com\/turkish\/wp-content\/uploads\/sites\/6\/2024\/08\/image-24.png\",\"contentUrl\":\"https:\/\/shiawaves.com\/turkish\/wp-content\/uploads\/sites\/6\/2024\/08\/image-24.png\",\"width\":1024,\"height\":682,\"caption\":\"Necef E\u015fref'te 13. y\u0131ll\u0131k Erbain Hac Konferans\u0131\"},{\"@type\":\"BreadcrumbList\",\"@id\":\"https:\/\/shiawaves.com\/turkish\/2024\/08\/14\/pazartesi-gunu-necef-esref-sehri-imam-huseyin-a-sin-erbain-ziyareti-temali-necef-esref-ilim-havzasi-talebelerinin-13-yillik-konferansinin-duzenlenmesine-tanik-oldu\/#breadcrumb\",\"itemListElement\":[{\"@type\":\"ListItem\",\"position\":1,\"name\":\"Home\",\"item\":\"https:\/\/shiawaves.com\/turkish\/\"},{\"@type\":\"ListItem\",\"position\":2,\"name\":\"Necef E\u015fref&#8217;te 13. y\u0131ll\u0131k Erbain Ziyareti Konferans\u0131\"}]},{\"@type\":\"WebSite\",\"@id\":\"https:\/\/shiawaves.com\/turkish\/#website\",\"url\":\"https:\/\/shiawaves.com\/turkish\/\",\"name\":\"ShiaWaves Turkish - \u015eia Haberleri\",\"description\":\"\",\"potentialAction\":[{\"@type\":\"SearchAction\",\"target\":{\"@type\":\"EntryPoint\",\"urlTemplate\":\"https:\/\/shiawaves.com\/turkish\/?s={search_term_string}\"},\"query-input\":{\"@type\":\"PropertyValueSpecification\",\"valueRequired\":true,\"valueName\":\"search_term_string\"}}],\"inLanguage\":\"tr\"},{\"@type\":\"Person\",\"@id\":\"https:\/\/shiawaves.com\/turkish\/#\/schema\/person\/9f68d5023e948086b9348fba5aebd954\",\"name\":\"modir\",\"image\":{\"@type\":\"ImageObject\",\"inLanguage\":\"tr\",\"@id\":\"https:\/\/shiawaves.com\/turkish\/#\/schema\/person\/image\/\",\"url\":\"https:\/\/secure.gravatar.com\/avatar\/8e76f93cdbdd480bd8918d1e0e1d938664c9cb1516c2a57a2b96fe50b507a6b9?s=96&d=mm&r=g\",\"contentUrl\":\"https:\/\/secure.gravatar.com\/avatar\/8e76f93cdbdd480bd8918d1e0e1d938664c9cb1516c2a57a2b96fe50b507a6b9?s=96&d=mm&r=g\",\"caption\":\"modir\"},\"sameAs\":[\"https:\/\/shiawaves.com\"],\"url\":\"https:\/\/shiawaves.com\/turkish\/author\/modir\/\"}]}<\/script>\n<!-- \/ Yoast SEO plugin. -->","yoast_head_json":{"title":"Necef E\u015fref'te 13. y\u0131ll\u0131k Erbain Ziyareti Konferans\u0131 - ShiaWaves Turkish - \u015eia Haberleri","description":"Pazartesi g\u00fcn\u00fc, Necef E\u015fref \u015fehri, \u0130mam H\u00fcseyin (a.s)\u2019\u0131n Erbain ziyareti temal\u0131 Necef E\u015fref \u0130lim Havzas\u0131 Talebelerinin 13. y\u0131ll\u0131k konferans\u0131n\u0131n d\u00fczenlenmesine tan\u0131k oldu.","robots":{"index":"index","follow":"follow","max-snippet":"max-snippet:-1","max-image-preview":"max-image-preview:large","max-video-preview":"max-video-preview:-1"},"canonical":"https:\/\/shiawaves.com\/turkish\/2024\/08\/14\/pazartesi-gunu-necef-esref-sehri-imam-huseyin-a-sin-erbain-ziyareti-temali-necef-esref-ilim-havzasi-talebelerinin-13-yillik-konferansinin-duzenlenmesine-tanik-oldu\/","og_locale":"tr_TR","og_type":"article","og_title":"Necef E\u015fref'te 13. y\u0131ll\u0131k Erbain Ziyareti Konferans\u0131 - ShiaWaves Turkish - \u015eia Haberleri","og_description":"Pazartesi g\u00fcn\u00fc, Necef E\u015fref \u015fehri, \u0130mam H\u00fcseyin (a.s)\u2019\u0131n Erbain ziyareti temal\u0131 Necef E\u015fref \u0130lim Havzas\u0131 Talebelerinin 13. y\u0131ll\u0131k konferans\u0131n\u0131n d\u00fczenlenmesine tan\u0131k oldu.","og_url":"https:\/\/shiawaves.com\/turkish\/2024\/08\/14\/pazartesi-gunu-necef-esref-sehri-imam-huseyin-a-sin-erbain-ziyareti-temali-necef-esref-ilim-havzasi-talebelerinin-13-yillik-konferansinin-duzenlenmesine-tanik-oldu\/","og_site_name":"ShiaWaves Turkish - \u015eia Haberleri","article_published_time":"2024-08-14T12:30:00+00:00","article_modified_time":"2024-08-14T11:43:38+00:00","og_image":[{"width":1024,"height":682,"url":"https:\/\/shiawaves.com\/turkish\/wp-content\/uploads\/sites\/6\/2024\/08\/image-24.png","type":"image\/png"}],"author":"modir","twitter_card":"summary_large_image","twitter_misc":{"Yazan:":"modir","Tahmini okuma s\u00fcresi":"2 dakika"},"schema":{"@context":"https:\/\/schema.org","@graph":[{"@type":"WebPage","@id":"https:\/\/shiawaves.com\/turkish\/2024\/08\/14\/pazartesi-gunu-necef-esref-sehri-imam-huseyin-a-sin-erbain-ziyareti-temali-necef-esref-ilim-havzasi-talebelerinin-13-yillik-konferansinin-duzenlenmesine-tanik-oldu\/","url":"https:\/\/shiawaves.com\/turkish\/2024\/08\/14\/pazartesi-gunu-necef-esref-sehri-imam-huseyin-a-sin-erbain-ziyareti-temali-necef-esref-ilim-havzasi-talebelerinin-13-yillik-konferansinin-duzenlenmesine-tanik-oldu\/","name":"Necef E\u015fref'te 13. y\u0131ll\u0131k Erbain Ziyareti Konferans\u0131 - ShiaWaves Turkish - \u015eia Haberleri","isPartOf":{"@id":"https:\/\/shiawaves.com\/turkish\/#website"},"primaryImageOfPage":{"@id":"https:\/\/shiawaves.com\/turkish\/2024\/08\/14\/pazartesi-gunu-necef-esref-sehri-imam-huseyin-a-sin-erbain-ziyareti-temali-necef-esref-ilim-havzasi-talebelerinin-13-yillik-konferansinin-duzenlenmesine-tanik-oldu\/#primaryimage"},"image":{"@id":"https:\/\/shiawaves.com\/turkish\/2024\/08\/14\/pazartesi-gunu-necef-esref-sehri-imam-huseyin-a-sin-erbain-ziyareti-temali-necef-esref-ilim-havzasi-talebelerinin-13-yillik-konferansinin-duzenlenmesine-tanik-oldu\/#primaryimage"},"thumbnailUrl":"https:\/\/shiawaves.com\/turkish\/wp-content\/uploads\/sites\/6\/2024\/08\/image-24.png","datePublished":"2024-08-14T12:30:00+00:00","dateModified":"2024-08-14T11:43:38+00:00","author":{"@id":"https:\/\/shiawaves.com\/turkish\/#\/schema\/person\/9f68d5023e948086b9348fba5aebd954"},"description":"Pazartesi g\u00fcn\u00fc, Necef E\u015fref \u015fehri, \u0130mam H\u00fcseyin (a.s)\u2019\u0131n Erbain ziyareti temal\u0131 Necef E\u015fref \u0130lim Havzas\u0131 Talebelerinin 13. y\u0131ll\u0131k konferans\u0131n\u0131n d\u00fczenlenmesine tan\u0131k oldu.","breadcrumb":{"@id":"https:\/\/shiawaves.com\/turkish\/2024\/08\/14\/pazartesi-gunu-necef-esref-sehri-imam-huseyin-a-sin-erbain-ziyareti-temali-necef-esref-ilim-havzasi-talebelerinin-13-yillik-konferansinin-duzenlenmesine-tanik-oldu\/#breadcrumb"},"inLanguage":"tr","potentialAction":[{"@type":"ReadAction","target":["https:\/\/shiawaves.com\/turkish\/2024\/08\/14\/pazartesi-gunu-necef-esref-sehri-imam-huseyin-a-sin-erbain-ziyareti-temali-necef-esref-ilim-havzasi-talebelerinin-13-yillik-konferansinin-duzenlenmesine-tanik-oldu\/"]}]},{"@type":"ImageObject","inLanguage":"tr","@id":"https:\/\/shiawaves.com\/turkish\/2024\/08\/14\/pazartesi-gunu-necef-esref-sehri-imam-huseyin-a-sin-erbain-ziyareti-temali-necef-esref-ilim-havzasi-talebelerinin-13-yillik-konferansinin-duzenlenmesine-tanik-oldu\/#primaryimage","url":"https:\/\/shiawaves.com\/turkish\/wp-content\/uploads\/sites\/6\/2024\/08\/image-24.png","contentUrl":"https:\/\/shiawaves.com\/turkish\/wp-content\/uploads\/sites\/6\/2024\/08\/image-24.png","width":1024,"height":682,"caption":"Necef E\u015fref'te 13. y\u0131ll\u0131k Erbain Hac Konferans\u0131"},{"@type":"BreadcrumbList","@id":"https:\/\/shiawaves.com\/turkish\/2024\/08\/14\/pazartesi-gunu-necef-esref-sehri-imam-huseyin-a-sin-erbain-ziyareti-temali-necef-esref-ilim-havzasi-talebelerinin-13-yillik-konferansinin-duzenlenmesine-tanik-oldu\/#breadcrumb","itemListElement":[{"@type":"ListItem","position":1,"name":"Home","item":"https:\/\/shiawaves.com\/turkish\/"},{"@type":"ListItem","position":2,"name":"Necef E\u015fref&#8217;te 13. y\u0131ll\u0131k Erbain Ziyareti Konferans\u0131"}]},{"@type":"WebSite","@id":"https:\/\/shiawaves.com\/turkish\/#website","url":"https:\/\/shiawaves.com\/turkish\/","name":"ShiaWaves Turkish - \u015eia Haberleri","description":"","potentialAction":[{"@type":"SearchAction","target":{"@type":"EntryPoint","urlTemplate":"https:\/\/shiawaves.com\/turkish\/?s={search_term_string}"},"query-input":{"@type":"PropertyValueSpecification","valueRequired":true,"valueName":"search_term_string"}}],"inLanguage":"tr"},{"@type":"Person","@id":"https:\/\/shiawaves.com\/turkish\/#\/schema\/person\/9f68d5023e948086b9348fba5aebd954","name":"modir","image":{"@type":"ImageObject","inLanguage":"tr","@id":"https:\/\/shiawaves.com\/turkish\/#\/schema\/person\/image\/","url":"https:\/\/secure.gravatar.com\/avatar\/8e76f93cdbdd480bd8918d1e0e1d938664c9cb1516c2a57a2b96fe50b507a6b9?s=96&d=mm&r=g","contentUrl":"https:\/\/secure.gravatar.com\/avatar\/8e76f93cdbdd480bd8918d1e0e1d938664c9cb1516c2a57a2b96fe50b507a6b9?s=96&d=mm&r=g","caption":"modir"},"sameAs":["https:\/\/shiawaves.com"],"url":"https:\/\/shiawaves.com\/turkish\/author\/modir\/"}]}},"_links":{"self":[{"href":"https:\/\/shiawaves.com\/turkish\/wp-json\/wp\/v2\/posts\/106849","targetHints":{"allow":["GET"]}}],"collection":[{"href":"https:\/\/shiawaves.com\/turkish\/wp-json\/wp\/v2\/posts"}],"about":[{"href":"https:\/\/shiawaves.com\/turkish\/wp-json\/wp\/v2\/types\/post"}],"author":[{"embeddable":true,"href":"https:\/\/shiawaves.com\/turkish\/wp-json\/wp\/v2\/users\/1"}],"replies":[{"embeddable":true,"href":"https:\/\/shiawaves.com\/turkish\/wp-json\/wp\/v2\/comments?post=106849"}],"version-history":[{"count":1,"href":"https:\/\/shiawaves.com\/turkish\/wp-json\/wp\/v2\/posts\/106849\/revisions"}],"predecessor-version":[{"id":106852,"href":"https:\/\/shiawaves.com\/turkish\/wp-json\/wp\/v2\/posts\/106849\/revisions\/106852"}],"wp:featuredmedia":[{"embeddable":true,"href":"https:\/\/shiawaves.com\/turkish\/wp-json\/wp\/v2\/media\/106850"}],"wp:attachment":[{"href":"https:\/\/shiawaves.com\/turkish\/wp-json\/wp\/v2\/media?parent=106849"}],"wp:term":[{"taxonomy":"category","embeddable":true,"href":"https:\/\/shiawaves.com\/turkish\/wp-json\/wp\/v2\/categories?post=106849"},{"taxonomy":"post_tag","embeddable":true,"href":"https:\/\/shiawaves.com\/turkish\/wp-json\/wp\/v2\/tags?post=106849"}],"curies":[{"name":"wp","href":"https:\/\/api.w.org\/{rel}","templated":true}]}}