{"id":106750,"date":"2024-08-10T17:35:50","date_gmt":"2024-08-10T14:35:50","guid":{"rendered":"https:\/\/shiawaves.com\/turkish\/?p=106750"},"modified":"2024-08-10T17:35:50","modified_gmt":"2024-08-10T14:35:50","slug":"en-buyuk-huseyni-bayragini-ras-al-bisheh-ziyaretcilerinin-omuzlarinda-tasiyor","status":"publish","type":"post","link":"https:\/\/shiawaves.com\/turkish\/2024\/08\/10\/en-buyuk-huseyni-bayragini-ras-al-bisheh-ziyaretcilerinin-omuzlarinda-tasiyor\/","title":{"rendered":"En b\u00fcy\u00fck H\u00fcseyni Bayra\u011f\u0131n\u0131 Ras al-Bisheh ziyaret\u00e7ilerinin Omuzlar\u0131nda Ta\u015f\u0131yor"},"content":{"rendered":"\n<p>En b\u00fcy\u00fck H\u00fcseyni bayrak, Ras al-Bi\u015fe\u2019den yolculu\u011funa ba\u015flad\u0131. Bu bayrak birka\u00e7 g\u00fcn boyunca onlarca gencin omuzlar\u0131nda ta\u015f\u0131narak bir\u00e7ok kasaba ve k\u00f6yden ge\u00e7erek mukaddes Kerbela \u015fehrine ula\u015facakt\u0131r.<\/p>\n\n\n\n<p>\u00dczerinde H\u00fcseyni \u015fiarlar ve sloganlar\u0131n\u0131n yer ald\u0131\u011f\u0131 bu b\u00fcy\u00fck bayrak, \u0130mam H\u00fcseyin (a.s)&#8217;\u0131n de\u011ferlerine ba\u011fl\u0131l\u0131\u011f\u0131, inanc\u0131 ve H\u00fcseyni \u015fiarlar\u0131 tazim etmeyi ifade etmektedir.<\/p>\n\n\n\n<figure class=\"wp-block-image size-full\"><img loading=\"lazy\" decoding=\"async\" width=\"1024\" height=\"682\" src=\"https:\/\/shiawaves.com\/turkish\/wp-content\/uploads\/sites\/6\/2024\/08\/photo_2024-08-06_11-42-48-1024x682-1.jpg\" alt=\"\" class=\"wp-image-106751\" srcset=\"https:\/\/shiawaves.com\/turkish\/wp-content\/uploads\/sites\/6\/2024\/08\/photo_2024-08-06_11-42-48-1024x682-1.jpg 1024w, https:\/\/shiawaves.com\/turkish\/wp-content\/uploads\/sites\/6\/2024\/08\/photo_2024-08-06_11-42-48-1024x682-1-300x200.jpg 300w, https:\/\/shiawaves.com\/turkish\/wp-content\/uploads\/sites\/6\/2024\/08\/photo_2024-08-06_11-42-48-1024x682-1-768x512.jpg 768w\" sizes=\"auto, (max-width: 1024px) 100vw, 1024px\" \/><\/figure>\n\n\n\n<p>Bu bayrak, yolculu\u011fu boyunca bir\u00e7ok \u015fehir ve k\u00f6yden ge\u00e7ecek ve hem yerel halk hem de H\u00fcseyni heyetler taraf\u0131ndan \u015f\u00fckranla kar\u015f\u0131lanacakt\u0131r.<\/p>\n\n\n\n<p>Basra vilayetindeki Ras el-Bi\u015fe&#8217;nin mukaddes Kerbela \u015fehrine 600 km&#8217;den fazla uzakl\u0131kta oldu\u011funu ve ziyaret\u00e7ilerin, kutsal \u015fehir Kerbela a\u015f\u0131klar\u0131n\u0131n bulu\u015fma noktas\u0131na ula\u015fmas\u0131 i\u00e7in yakla\u015f\u0131k 20 g\u00fcn yolculuk yapmas\u0131 gerekti\u011fini belirtmek gerekir.<\/p>\n","protected":false},"excerpt":{"rendered":"<p>En b\u00fcy\u00fck H\u00fcseyni bayrak, Ras al-Bi\u015fe\u2019den yolculu\u011funa ba\u015flad\u0131. Bu bayrak birka\u00e7 g\u00fcn boyunca onlarca gencin omuzlar\u0131nda ta\u015f\u0131narak bir\u00e7ok kasaba ve k\u00f6yden ge\u00e7erek mukaddes Kerbela \u015fehrine ula\u015facakt\u0131r. \u00dczerinde H\u00fcseyni \u015fiarlar ve sloganlar\u0131n\u0131n yer ald\u0131\u011f\u0131 bu b\u00fcy\u00fck bayrak, \u0130mam H\u00fcseyin (a.s)&#8217;\u0131n de\u011ferlerine ba\u011fl\u0131l\u0131\u011f\u0131, inanc\u0131 ve H\u00fcseyni \u015fiarlar\u0131 tazim etmeyi ifade etmektedir. Bu bayrak, yolculu\u011fu boyunca bir\u00e7ok \u015fehir &hellip;<\/p>\n","protected":false},"author":1,"featured_media":106751,"comment_status":"open","ping_status":"open","sticky":false,"template":"","format":"standard","meta":{"rop_custom_images_group":[],"rop_custom_messages_group":[],"rop_publish_now":"initial","rop_publish_now_accounts":[],"rop_publish_now_history":[],"rop_publish_now_status":"pending","footnotes":""},"categories":[14],"tags":[590],"class_list":["post-106750","post","type-post","status-publish","format-standard","has-post-thumbnail","hentry","category-iraq","tag-en-buyuk-huseyni-bayrak"],"_wp_page_template":null,"_wp_attached_file":null,"_wp_attachment_metadata":null,"_edit_lock":"1723300551:1","yoast_head":"<!-- This site is optimized with the Yoast SEO plugin v24.3 - https:\/\/yoast.com\/wordpress\/plugins\/seo\/ -->\n<title>En b\u00fcy\u00fck H\u00fcseyni Bayra\u011f\u0131n\u0131 Ras al-Bisheh ziyaret\u00e7ilerinin Omuzlar\u0131nda Ta\u015f\u0131yor - ShiaWaves Turkish - \u015eia Haberleri<\/title>\n<meta name=\"description\" content=\"En b\u00fcy\u00fck H\u00fcseyni bayrak, Ras al-Bi\u015fe\u2019den yolculu\u011funa ba\u015flad\u0131. Bu bayrak birka\u00e7 g\u00fcn boyunca onlarca gencin omuzlar\u0131nda ta\u015f\u0131narak bir\u00e7ok kasaba ve k\u00f6yden ge\u00e7erek mukaddes Kerbela \u015fehrine ula\u015facakt\u0131r.\" \/>\n<meta name=\"robots\" content=\"index, follow, max-snippet:-1, max-image-preview:large, max-video-preview:-1\" \/>\n<link rel=\"canonical\" href=\"https:\/\/shiawaves.com\/turkish\/2024\/08\/10\/en-buyuk-huseyni-bayragini-ras-al-bisheh-ziyaretcilerinin-omuzlarinda-tasiyor\/\" \/>\n<meta property=\"og:locale\" content=\"tr_TR\" \/>\n<meta property=\"og:type\" content=\"article\" \/>\n<meta property=\"og:title\" content=\"En b\u00fcy\u00fck H\u00fcseyni Bayra\u011f\u0131n\u0131 Ras al-Bisheh ziyaret\u00e7ilerinin Omuzlar\u0131nda Ta\u015f\u0131yor - ShiaWaves Turkish - \u015eia Haberleri\" \/>\n<meta property=\"og:description\" content=\"En b\u00fcy\u00fck H\u00fcseyni bayrak, Ras al-Bi\u015fe\u2019den yolculu\u011funa ba\u015flad\u0131. Bu bayrak birka\u00e7 g\u00fcn boyunca onlarca gencin omuzlar\u0131nda ta\u015f\u0131narak bir\u00e7ok kasaba ve k\u00f6yden ge\u00e7erek mukaddes Kerbela \u015fehrine ula\u015facakt\u0131r.\" \/>\n<meta property=\"og:url\" content=\"https:\/\/shiawaves.com\/turkish\/2024\/08\/10\/en-buyuk-huseyni-bayragini-ras-al-bisheh-ziyaretcilerinin-omuzlarinda-tasiyor\/\" \/>\n<meta property=\"og:site_name\" content=\"ShiaWaves Turkish - \u015eia Haberleri\" \/>\n<meta property=\"article:published_time\" content=\"2024-08-10T14:35:50+00:00\" \/>\n<meta property=\"og:image\" content=\"https:\/\/shiawaves.com\/turkish\/wp-content\/uploads\/sites\/6\/2024\/08\/photo_2024-08-06_11-42-48-1024x682-1.jpg\" \/>\n\t<meta property=\"og:image:width\" content=\"1024\" \/>\n\t<meta property=\"og:image:height\" content=\"682\" \/>\n\t<meta property=\"og:image:type\" content=\"image\/jpeg\" \/>\n<meta name=\"author\" content=\"modir\" \/>\n<meta name=\"twitter:card\" content=\"summary_large_image\" \/>\n<meta name=\"twitter:label1\" content=\"Yazan:\" \/>\n\t<meta name=\"twitter:data1\" content=\"modir\" \/>\n\t<meta name=\"twitter:label2\" content=\"Tahmini okuma s\u00fcresi\" \/>\n\t<meta name=\"twitter:data2\" content=\"1 dakika\" \/>\n<script type=\"application\/ld+json\" class=\"yoast-schema-graph\">{\"@context\":\"https:\/\/schema.org\",\"@graph\":[{\"@type\":\"WebPage\",\"@id\":\"https:\/\/shiawaves.com\/turkish\/2024\/08\/10\/en-buyuk-huseyni-bayragini-ras-al-bisheh-ziyaretcilerinin-omuzlarinda-tasiyor\/\",\"url\":\"https:\/\/shiawaves.com\/turkish\/2024\/08\/10\/en-buyuk-huseyni-bayragini-ras-al-bisheh-ziyaretcilerinin-omuzlarinda-tasiyor\/\",\"name\":\"En b\u00fcy\u00fck H\u00fcseyni Bayra\u011f\u0131n\u0131 Ras al-Bisheh ziyaret\u00e7ilerinin Omuzlar\u0131nda Ta\u015f\u0131yor - ShiaWaves Turkish - \u015eia Haberleri\",\"isPartOf\":{\"@id\":\"https:\/\/shiawaves.com\/turkish\/#website\"},\"primaryImageOfPage\":{\"@id\":\"https:\/\/shiawaves.com\/turkish\/2024\/08\/10\/en-buyuk-huseyni-bayragini-ras-al-bisheh-ziyaretcilerinin-omuzlarinda-tasiyor\/#primaryimage\"},\"image\":{\"@id\":\"https:\/\/shiawaves.com\/turkish\/2024\/08\/10\/en-buyuk-huseyni-bayragini-ras-al-bisheh-ziyaretcilerinin-omuzlarinda-tasiyor\/#primaryimage\"},\"thumbnailUrl\":\"https:\/\/shiawaves.com\/turkish\/wp-content\/uploads\/sites\/6\/2024\/08\/photo_2024-08-06_11-42-48-1024x682-1.jpg\",\"datePublished\":\"2024-08-10T14:35:50+00:00\",\"dateModified\":\"2024-08-10T14:35:50+00:00\",\"author\":{\"@id\":\"https:\/\/shiawaves.com\/turkish\/#\/schema\/person\/9f68d5023e948086b9348fba5aebd954\"},\"description\":\"En b\u00fcy\u00fck H\u00fcseyni bayrak, Ras al-Bi\u015fe\u2019den yolculu\u011funa ba\u015flad\u0131. Bu bayrak birka\u00e7 g\u00fcn boyunca onlarca gencin omuzlar\u0131nda ta\u015f\u0131narak bir\u00e7ok kasaba ve k\u00f6yden ge\u00e7erek mukaddes Kerbela \u015fehrine ula\u015facakt\u0131r.\",\"breadcrumb\":{\"@id\":\"https:\/\/shiawaves.com\/turkish\/2024\/08\/10\/en-buyuk-huseyni-bayragini-ras-al-bisheh-ziyaretcilerinin-omuzlarinda-tasiyor\/#breadcrumb\"},\"inLanguage\":\"tr\",\"potentialAction\":[{\"@type\":\"ReadAction\",\"target\":[\"https:\/\/shiawaves.com\/turkish\/2024\/08\/10\/en-buyuk-huseyni-bayragini-ras-al-bisheh-ziyaretcilerinin-omuzlarinda-tasiyor\/\"]}]},{\"@type\":\"ImageObject\",\"inLanguage\":\"tr\",\"@id\":\"https:\/\/shiawaves.com\/turkish\/2024\/08\/10\/en-buyuk-huseyni-bayragini-ras-al-bisheh-ziyaretcilerinin-omuzlarinda-tasiyor\/#primaryimage\",\"url\":\"https:\/\/shiawaves.com\/turkish\/wp-content\/uploads\/sites\/6\/2024\/08\/photo_2024-08-06_11-42-48-1024x682-1.jpg\",\"contentUrl\":\"https:\/\/shiawaves.com\/turkish\/wp-content\/uploads\/sites\/6\/2024\/08\/photo_2024-08-06_11-42-48-1024x682-1.jpg\",\"width\":1024,\"height\":682,\"caption\":\"En b\u00fcy\u00fck H\u00fcseyni Bayra\u011f\u0131n\u0131 Ras al-Bisheh ziyaret\u00e7ilerinin Omuzlar\u0131nda Ta\u015f\u0131yor\"},{\"@type\":\"BreadcrumbList\",\"@id\":\"https:\/\/shiawaves.com\/turkish\/2024\/08\/10\/en-buyuk-huseyni-bayragini-ras-al-bisheh-ziyaretcilerinin-omuzlarinda-tasiyor\/#breadcrumb\",\"itemListElement\":[{\"@type\":\"ListItem\",\"position\":1,\"name\":\"Home\",\"item\":\"https:\/\/shiawaves.com\/turkish\/\"},{\"@type\":\"ListItem\",\"position\":2,\"name\":\"En b\u00fcy\u00fck H\u00fcseyni Bayra\u011f\u0131n\u0131 Ras al-Bisheh ziyaret\u00e7ilerinin Omuzlar\u0131nda Ta\u015f\u0131yor\"}]},{\"@type\":\"WebSite\",\"@id\":\"https:\/\/shiawaves.com\/turkish\/#website\",\"url\":\"https:\/\/shiawaves.com\/turkish\/\",\"name\":\"ShiaWaves Turkish - \u015eia Haberleri\",\"description\":\"\",\"potentialAction\":[{\"@type\":\"SearchAction\",\"target\":{\"@type\":\"EntryPoint\",\"urlTemplate\":\"https:\/\/shiawaves.com\/turkish\/?s={search_term_string}\"},\"query-input\":{\"@type\":\"PropertyValueSpecification\",\"valueRequired\":true,\"valueName\":\"search_term_string\"}}],\"inLanguage\":\"tr\"},{\"@type\":\"Person\",\"@id\":\"https:\/\/shiawaves.com\/turkish\/#\/schema\/person\/9f68d5023e948086b9348fba5aebd954\",\"name\":\"modir\",\"image\":{\"@type\":\"ImageObject\",\"inLanguage\":\"tr\",\"@id\":\"https:\/\/shiawaves.com\/turkish\/#\/schema\/person\/image\/\",\"url\":\"https:\/\/secure.gravatar.com\/avatar\/8e76f93cdbdd480bd8918d1e0e1d938664c9cb1516c2a57a2b96fe50b507a6b9?s=96&d=mm&r=g\",\"contentUrl\":\"https:\/\/secure.gravatar.com\/avatar\/8e76f93cdbdd480bd8918d1e0e1d938664c9cb1516c2a57a2b96fe50b507a6b9?s=96&d=mm&r=g\",\"caption\":\"modir\"},\"sameAs\":[\"https:\/\/shiawaves.com\"],\"url\":\"https:\/\/shiawaves.com\/turkish\/author\/modir\/\"}]}<\/script>\n<!-- \/ Yoast SEO plugin. -->","yoast_head_json":{"title":"En b\u00fcy\u00fck H\u00fcseyni Bayra\u011f\u0131n\u0131 Ras al-Bisheh ziyaret\u00e7ilerinin Omuzlar\u0131nda Ta\u015f\u0131yor - ShiaWaves Turkish - \u015eia Haberleri","description":"En b\u00fcy\u00fck H\u00fcseyni bayrak, Ras al-Bi\u015fe\u2019den yolculu\u011funa ba\u015flad\u0131. Bu bayrak birka\u00e7 g\u00fcn boyunca onlarca gencin omuzlar\u0131nda ta\u015f\u0131narak bir\u00e7ok kasaba ve k\u00f6yden ge\u00e7erek mukaddes Kerbela \u015fehrine ula\u015facakt\u0131r.","robots":{"index":"index","follow":"follow","max-snippet":"max-snippet:-1","max-image-preview":"max-image-preview:large","max-video-preview":"max-video-preview:-1"},"canonical":"https:\/\/shiawaves.com\/turkish\/2024\/08\/10\/en-buyuk-huseyni-bayragini-ras-al-bisheh-ziyaretcilerinin-omuzlarinda-tasiyor\/","og_locale":"tr_TR","og_type":"article","og_title":"En b\u00fcy\u00fck H\u00fcseyni Bayra\u011f\u0131n\u0131 Ras al-Bisheh ziyaret\u00e7ilerinin Omuzlar\u0131nda Ta\u015f\u0131yor - ShiaWaves Turkish - \u015eia Haberleri","og_description":"En b\u00fcy\u00fck H\u00fcseyni bayrak, Ras al-Bi\u015fe\u2019den yolculu\u011funa ba\u015flad\u0131. Bu bayrak birka\u00e7 g\u00fcn boyunca onlarca gencin omuzlar\u0131nda ta\u015f\u0131narak bir\u00e7ok kasaba ve k\u00f6yden ge\u00e7erek mukaddes Kerbela \u015fehrine ula\u015facakt\u0131r.","og_url":"https:\/\/shiawaves.com\/turkish\/2024\/08\/10\/en-buyuk-huseyni-bayragini-ras-al-bisheh-ziyaretcilerinin-omuzlarinda-tasiyor\/","og_site_name":"ShiaWaves Turkish - \u015eia Haberleri","article_published_time":"2024-08-10T14:35:50+00:00","og_image":[{"width":1024,"height":682,"url":"https:\/\/shiawaves.com\/turkish\/wp-content\/uploads\/sites\/6\/2024\/08\/photo_2024-08-06_11-42-48-1024x682-1.jpg","type":"image\/jpeg"}],"author":"modir","twitter_card":"summary_large_image","twitter_misc":{"Yazan:":"modir","Tahmini okuma s\u00fcresi":"1 dakika"},"schema":{"@context":"https:\/\/schema.org","@graph":[{"@type":"WebPage","@id":"https:\/\/shiawaves.com\/turkish\/2024\/08\/10\/en-buyuk-huseyni-bayragini-ras-al-bisheh-ziyaretcilerinin-omuzlarinda-tasiyor\/","url":"https:\/\/shiawaves.com\/turkish\/2024\/08\/10\/en-buyuk-huseyni-bayragini-ras-al-bisheh-ziyaretcilerinin-omuzlarinda-tasiyor\/","name":"En b\u00fcy\u00fck H\u00fcseyni Bayra\u011f\u0131n\u0131 Ras al-Bisheh ziyaret\u00e7ilerinin Omuzlar\u0131nda Ta\u015f\u0131yor - ShiaWaves Turkish - \u015eia Haberleri","isPartOf":{"@id":"https:\/\/shiawaves.com\/turkish\/#website"},"primaryImageOfPage":{"@id":"https:\/\/shiawaves.com\/turkish\/2024\/08\/10\/en-buyuk-huseyni-bayragini-ras-al-bisheh-ziyaretcilerinin-omuzlarinda-tasiyor\/#primaryimage"},"image":{"@id":"https:\/\/shiawaves.com\/turkish\/2024\/08\/10\/en-buyuk-huseyni-bayragini-ras-al-bisheh-ziyaretcilerinin-omuzlarinda-tasiyor\/#primaryimage"},"thumbnailUrl":"https:\/\/shiawaves.com\/turkish\/wp-content\/uploads\/sites\/6\/2024\/08\/photo_2024-08-06_11-42-48-1024x682-1.jpg","datePublished":"2024-08-10T14:35:50+00:00","dateModified":"2024-08-10T14:35:50+00:00","author":{"@id":"https:\/\/shiawaves.com\/turkish\/#\/schema\/person\/9f68d5023e948086b9348fba5aebd954"},"description":"En b\u00fcy\u00fck H\u00fcseyni bayrak, Ras al-Bi\u015fe\u2019den yolculu\u011funa ba\u015flad\u0131. Bu bayrak birka\u00e7 g\u00fcn boyunca onlarca gencin omuzlar\u0131nda ta\u015f\u0131narak bir\u00e7ok kasaba ve k\u00f6yden ge\u00e7erek mukaddes Kerbela \u015fehrine ula\u015facakt\u0131r.","breadcrumb":{"@id":"https:\/\/shiawaves.com\/turkish\/2024\/08\/10\/en-buyuk-huseyni-bayragini-ras-al-bisheh-ziyaretcilerinin-omuzlarinda-tasiyor\/#breadcrumb"},"inLanguage":"tr","potentialAction":[{"@type":"ReadAction","target":["https:\/\/shiawaves.com\/turkish\/2024\/08\/10\/en-buyuk-huseyni-bayragini-ras-al-bisheh-ziyaretcilerinin-omuzlarinda-tasiyor\/"]}]},{"@type":"ImageObject","inLanguage":"tr","@id":"https:\/\/shiawaves.com\/turkish\/2024\/08\/10\/en-buyuk-huseyni-bayragini-ras-al-bisheh-ziyaretcilerinin-omuzlarinda-tasiyor\/#primaryimage","url":"https:\/\/shiawaves.com\/turkish\/wp-content\/uploads\/sites\/6\/2024\/08\/photo_2024-08-06_11-42-48-1024x682-1.jpg","contentUrl":"https:\/\/shiawaves.com\/turkish\/wp-content\/uploads\/sites\/6\/2024\/08\/photo_2024-08-06_11-42-48-1024x682-1.jpg","width":1024,"height":682,"caption":"En b\u00fcy\u00fck H\u00fcseyni Bayra\u011f\u0131n\u0131 Ras al-Bisheh ziyaret\u00e7ilerinin Omuzlar\u0131nda Ta\u015f\u0131yor"},{"@type":"BreadcrumbList","@id":"https:\/\/shiawaves.com\/turkish\/2024\/08\/10\/en-buyuk-huseyni-bayragini-ras-al-bisheh-ziyaretcilerinin-omuzlarinda-tasiyor\/#breadcrumb","itemListElement":[{"@type":"ListItem","position":1,"name":"Home","item":"https:\/\/shiawaves.com\/turkish\/"},{"@type":"ListItem","position":2,"name":"En b\u00fcy\u00fck H\u00fcseyni Bayra\u011f\u0131n\u0131 Ras al-Bisheh ziyaret\u00e7ilerinin Omuzlar\u0131nda Ta\u015f\u0131yor"}]},{"@type":"WebSite","@id":"https:\/\/shiawaves.com\/turkish\/#website","url":"https:\/\/shiawaves.com\/turkish\/","name":"ShiaWaves Turkish - \u015eia Haberleri","description":"","potentialAction":[{"@type":"SearchAction","target":{"@type":"EntryPoint","urlTemplate":"https:\/\/shiawaves.com\/turkish\/?s={search_term_string}"},"query-input":{"@type":"PropertyValueSpecification","valueRequired":true,"valueName":"search_term_string"}}],"inLanguage":"tr"},{"@type":"Person","@id":"https:\/\/shiawaves.com\/turkish\/#\/schema\/person\/9f68d5023e948086b9348fba5aebd954","name":"modir","image":{"@type":"ImageObject","inLanguage":"tr","@id":"https:\/\/shiawaves.com\/turkish\/#\/schema\/person\/image\/","url":"https:\/\/secure.gravatar.com\/avatar\/8e76f93cdbdd480bd8918d1e0e1d938664c9cb1516c2a57a2b96fe50b507a6b9?s=96&d=mm&r=g","contentUrl":"https:\/\/secure.gravatar.com\/avatar\/8e76f93cdbdd480bd8918d1e0e1d938664c9cb1516c2a57a2b96fe50b507a6b9?s=96&d=mm&r=g","caption":"modir"},"sameAs":["https:\/\/shiawaves.com"],"url":"https:\/\/shiawaves.com\/turkish\/author\/modir\/"}]}},"_links":{"self":[{"href":"https:\/\/shiawaves.com\/turkish\/wp-json\/wp\/v2\/posts\/106750","targetHints":{"allow":["GET"]}}],"collection":[{"href":"https:\/\/shiawaves.com\/turkish\/wp-json\/wp\/v2\/posts"}],"about":[{"href":"https:\/\/shiawaves.com\/turkish\/wp-json\/wp\/v2\/types\/post"}],"author":[{"embeddable":true,"href":"https:\/\/shiawaves.com\/turkish\/wp-json\/wp\/v2\/users\/1"}],"replies":[{"embeddable":true,"href":"https:\/\/shiawaves.com\/turkish\/wp-json\/wp\/v2\/comments?post=106750"}],"version-history":[{"count":1,"href":"https:\/\/shiawaves.com\/turkish\/wp-json\/wp\/v2\/posts\/106750\/revisions"}],"predecessor-version":[{"id":106752,"href":"https:\/\/shiawaves.com\/turkish\/wp-json\/wp\/v2\/posts\/106750\/revisions\/106752"}],"wp:featuredmedia":[{"embeddable":true,"href":"https:\/\/shiawaves.com\/turkish\/wp-json\/wp\/v2\/media\/106751"}],"wp:attachment":[{"href":"https:\/\/shiawaves.com\/turkish\/wp-json\/wp\/v2\/media?parent=106750"}],"wp:term":[{"taxonomy":"category","embeddable":true,"href":"https:\/\/shiawaves.com\/turkish\/wp-json\/wp\/v2\/categories?post=106750"},{"taxonomy":"post_tag","embeddable":true,"href":"https:\/\/shiawaves.com\/turkish\/wp-json\/wp\/v2\/tags?post=106750"}],"curies":[{"name":"wp","href":"https:\/\/api.w.org\/{rel}","templated":true}]}}