{"id":106729,"date":"2024-08-10T16:42:00","date_gmt":"2024-08-10T13:42:00","guid":{"rendered":"https:\/\/shiawaves.com\/turkish\/?p=106729"},"modified":"2024-08-10T16:42:01","modified_gmt":"2024-08-10T13:42:01","slug":"unicef-orta-dogu-bolgesinde-siddetin-artmasinin-cocuklarin-hayatini-riske-atacak-korkunc-insani-sonuclar-doguracagi-konusunda-uyardi","status":"publish","type":"post","link":"https:\/\/shiawaves.com\/turkish\/2024\/08\/10\/unicef-orta-dogu-bolgesinde-siddetin-artmasinin-cocuklarin-hayatini-riske-atacak-korkunc-insani-sonuclar-doguracagi-konusunda-uyardi\/","title":{"rendered":"UNICEF&#8217;ten Ortado\u011fu&#8217;da Artan Gerilime \u0130li\u015fkin Uyar\u0131"},"content":{"rendered":"\n<p>UNICEF, Orta Do\u011fu b\u00f6lgesinde \u015fiddetin artmas\u0131n\u0131n \u00e7ocuklar\u0131n hayat\u0131n\u0131 riske atacak korkun\u00e7 insani sonu\u00e7lar do\u011furaca\u011f\u0131 konusunda uyard\u0131.<\/p>\n\n\n\n<p>Birle\u015fmi\u015f Milletler \u00c7ocuklara Yard\u0131m Fonu (UNICEF), t\u00fcm taraflara bir an \u00f6nce itidal g\u00f6stermeleri ve sivillerin hayatlar\u0131n\u0131 korumalar\u0131 \u00e7a\u011fr\u0131s\u0131nda bulundu.<\/p>\n\n\n\n<figure class=\"wp-block-image size-full is-resized\"><img loading=\"lazy\" decoding=\"async\" width=\"770\" height=\"513\" src=\"https:\/\/shiawaves.com\/turkish\/wp-content\/uploads\/sites\/6\/2024\/08\/photo_2024-08-10_16-34-22.jpg\" alt=\"\" class=\"wp-image-106730\" style=\"width:840px;height:auto\" srcset=\"https:\/\/shiawaves.com\/turkish\/wp-content\/uploads\/sites\/6\/2024\/08\/photo_2024-08-10_16-34-22.jpg 770w, https:\/\/shiawaves.com\/turkish\/wp-content\/uploads\/sites\/6\/2024\/08\/photo_2024-08-10_16-34-22-300x200.jpg 300w, https:\/\/shiawaves.com\/turkish\/wp-content\/uploads\/sites\/6\/2024\/08\/photo_2024-08-10_16-34-22-768x512.jpg 768w\" sizes=\"auto, (max-width: 770px) 100vw, 770px\" \/><\/figure>\n\n\n\n<p>\u00d6te yandan Filistinli Esirler ve Serbest B\u0131rak\u0131lan Ki\u015filerin \u0130\u015fleriyle \u0130lgilenme bir kurulu\u015f, \u0130srail&#8217;in 7 Ekim&#8217;den bu yana 690 Filistinli \u00e7ocu\u011fu g\u00f6zalt\u0131na ald\u0131\u011f\u0131n\u0131 duyurdu.<\/p>\n\n\n\n<p>Daha \u00f6nceki Birle\u015fmi\u015f Milletlerin Filistin&#8217;deki \u0130nsan Haklar\u0131 \u00d6zel Raport\u00f6r\u00fc Francesca Albanese, \u0130srail&#8217;in Filistinli \u00e7ocuklara y\u00f6nelik insanl\u0131k d\u0131\u015f\u0131 muamelesinin sava\u015f su\u00e7u oldu\u011funu ve bu rejimin hapishanelerindeki Siyonist askerlerin Filistinli mahkumlara kar\u015f\u0131 i\u015fledi\u011fi su\u00e7lar\u0131 anlatacak kelimelerin bulunmad\u0131\u011f\u0131n\u0131 belirtmi\u015fti.<\/p>\n\n\n\n<p>\u0130srail&#8217;in 12. kanal\u0131, Negev \u00e7\u00f6l\u00fcnde &#8220;\u0130srail&#8217;in Guantanamo&#8217;su&#8221; olarak an\u0131lan &#8220;Sadiyeh Timan&#8221; adl\u0131 hapishanede \u0130srail askerlerinin Filistinli bir tutukluya tecav\u00fcz etti\u011fini g\u00f6steren \u015fok edici sahneler yay\u0131nlad\u0131.<\/p>\n","protected":false},"excerpt":{"rendered":"<p>UNICEF, Orta Do\u011fu b\u00f6lgesinde \u015fiddetin artmas\u0131n\u0131n \u00e7ocuklar\u0131n hayat\u0131n\u0131 riske atacak korkun\u00e7 insani sonu\u00e7lar do\u011furaca\u011f\u0131 konusunda uyard\u0131. Birle\u015fmi\u015f Milletler \u00c7ocuklara Yard\u0131m Fonu (UNICEF), t\u00fcm taraflara bir an \u00f6nce itidal g\u00f6stermeleri ve sivillerin hayatlar\u0131n\u0131 korumalar\u0131 \u00e7a\u011fr\u0131s\u0131nda bulundu. \u00d6te yandan Filistinli Esirler ve Serbest B\u0131rak\u0131lan Ki\u015filerin \u0130\u015fleriyle \u0130lgilenme bir kurulu\u015f, \u0130srail&#8217;in 7 Ekim&#8217;den bu yana 690 Filistinli \u00e7ocu\u011fu &hellip;<\/p>\n","protected":false},"author":1,"featured_media":106730,"comment_status":"open","ping_status":"open","sticky":false,"template":"","format":"standard","meta":{"rop_custom_images_group":[],"rop_custom_messages_group":[],"rop_publish_now":"initial","rop_publish_now_accounts":[],"rop_publish_now_history":[],"rop_publish_now_status":"pending","footnotes":""},"categories":[16],"tags":[],"class_list":["post-106729","post","type-post","status-publish","format-standard","has-post-thumbnail","hentry","category-lebanon"],"_wp_page_template":null,"_wp_attached_file":null,"_wp_attachment_metadata":null,"_edit_lock":"1723297321:1","yoast_head":"<!-- This site is optimized with the Yoast SEO plugin v24.3 - https:\/\/yoast.com\/wordpress\/plugins\/seo\/ -->\n<title>UNICEF&#039;ten Ortado\u011fu&#039;da Artan Gerilime \u0130li\u015fkin Uyar\u0131 - ShiaWaves Turkish - \u015eia Haberleri<\/title>\n<meta name=\"description\" content=\"UNICEF, Orta Do\u011fu b\u00f6lgesinde \u015fiddetin artmas\u0131n\u0131n \u00e7ocuklar\u0131n hayat\u0131n\u0131 riske atacak korkun\u00e7 insani sonu\u00e7lar do\u011furaca\u011f\u0131 konusunda uyard\u0131.\" \/>\n<meta name=\"robots\" content=\"index, follow, max-snippet:-1, max-image-preview:large, max-video-preview:-1\" \/>\n<link rel=\"canonical\" href=\"https:\/\/shiawaves.com\/turkish\/2024\/08\/10\/unicef-orta-dogu-bolgesinde-siddetin-artmasinin-cocuklarin-hayatini-riske-atacak-korkunc-insani-sonuclar-doguracagi-konusunda-uyardi\/\" \/>\n<meta property=\"og:locale\" content=\"tr_TR\" \/>\n<meta property=\"og:type\" content=\"article\" \/>\n<meta property=\"og:title\" content=\"UNICEF&#039;ten Ortado\u011fu&#039;da Artan Gerilime \u0130li\u015fkin Uyar\u0131 - ShiaWaves Turkish - \u015eia Haberleri\" \/>\n<meta property=\"og:description\" content=\"UNICEF, Orta Do\u011fu b\u00f6lgesinde \u015fiddetin artmas\u0131n\u0131n \u00e7ocuklar\u0131n hayat\u0131n\u0131 riske atacak korkun\u00e7 insani sonu\u00e7lar do\u011furaca\u011f\u0131 konusunda uyard\u0131.\" \/>\n<meta property=\"og:url\" content=\"https:\/\/shiawaves.com\/turkish\/2024\/08\/10\/unicef-orta-dogu-bolgesinde-siddetin-artmasinin-cocuklarin-hayatini-riske-atacak-korkunc-insani-sonuclar-doguracagi-konusunda-uyardi\/\" \/>\n<meta property=\"og:site_name\" content=\"ShiaWaves Turkish - \u015eia Haberleri\" \/>\n<meta property=\"article:published_time\" content=\"2024-08-10T13:42:00+00:00\" \/>\n<meta property=\"article:modified_time\" content=\"2024-08-10T13:42:01+00:00\" \/>\n<meta property=\"og:image\" content=\"https:\/\/shiawaves.com\/turkish\/wp-content\/uploads\/sites\/6\/2024\/08\/photo_2024-08-10_16-34-22.jpg\" \/>\n\t<meta property=\"og:image:width\" content=\"770\" \/>\n\t<meta property=\"og:image:height\" content=\"513\" \/>\n\t<meta property=\"og:image:type\" content=\"image\/jpeg\" \/>\n<meta name=\"author\" content=\"modir\" \/>\n<meta name=\"twitter:card\" content=\"summary_large_image\" \/>\n<meta name=\"twitter:label1\" content=\"Yazan:\" \/>\n\t<meta name=\"twitter:data1\" content=\"modir\" \/>\n\t<meta name=\"twitter:label2\" content=\"Tahmini okuma s\u00fcresi\" \/>\n\t<meta name=\"twitter:data2\" content=\"2 dakika\" \/>\n<script type=\"application\/ld+json\" class=\"yoast-schema-graph\">{\"@context\":\"https:\/\/schema.org\",\"@graph\":[{\"@type\":\"WebPage\",\"@id\":\"https:\/\/shiawaves.com\/turkish\/2024\/08\/10\/unicef-orta-dogu-bolgesinde-siddetin-artmasinin-cocuklarin-hayatini-riske-atacak-korkunc-insani-sonuclar-doguracagi-konusunda-uyardi\/\",\"url\":\"https:\/\/shiawaves.com\/turkish\/2024\/08\/10\/unicef-orta-dogu-bolgesinde-siddetin-artmasinin-cocuklarin-hayatini-riske-atacak-korkunc-insani-sonuclar-doguracagi-konusunda-uyardi\/\",\"name\":\"UNICEF'ten Ortado\u011fu'da Artan Gerilime \u0130li\u015fkin Uyar\u0131 - ShiaWaves Turkish - \u015eia Haberleri\",\"isPartOf\":{\"@id\":\"https:\/\/shiawaves.com\/turkish\/#website\"},\"primaryImageOfPage\":{\"@id\":\"https:\/\/shiawaves.com\/turkish\/2024\/08\/10\/unicef-orta-dogu-bolgesinde-siddetin-artmasinin-cocuklarin-hayatini-riske-atacak-korkunc-insani-sonuclar-doguracagi-konusunda-uyardi\/#primaryimage\"},\"image\":{\"@id\":\"https:\/\/shiawaves.com\/turkish\/2024\/08\/10\/unicef-orta-dogu-bolgesinde-siddetin-artmasinin-cocuklarin-hayatini-riske-atacak-korkunc-insani-sonuclar-doguracagi-konusunda-uyardi\/#primaryimage\"},\"thumbnailUrl\":\"https:\/\/shiawaves.com\/turkish\/wp-content\/uploads\/sites\/6\/2024\/08\/photo_2024-08-10_16-34-22.jpg\",\"datePublished\":\"2024-08-10T13:42:00+00:00\",\"dateModified\":\"2024-08-10T13:42:01+00:00\",\"author\":{\"@id\":\"https:\/\/shiawaves.com\/turkish\/#\/schema\/person\/9f68d5023e948086b9348fba5aebd954\"},\"description\":\"UNICEF, Orta Do\u011fu b\u00f6lgesinde \u015fiddetin artmas\u0131n\u0131n \u00e7ocuklar\u0131n hayat\u0131n\u0131 riske atacak korkun\u00e7 insani sonu\u00e7lar do\u011furaca\u011f\u0131 konusunda uyard\u0131.\",\"breadcrumb\":{\"@id\":\"https:\/\/shiawaves.com\/turkish\/2024\/08\/10\/unicef-orta-dogu-bolgesinde-siddetin-artmasinin-cocuklarin-hayatini-riske-atacak-korkunc-insani-sonuclar-doguracagi-konusunda-uyardi\/#breadcrumb\"},\"inLanguage\":\"tr\",\"potentialAction\":[{\"@type\":\"ReadAction\",\"target\":[\"https:\/\/shiawaves.com\/turkish\/2024\/08\/10\/unicef-orta-dogu-bolgesinde-siddetin-artmasinin-cocuklarin-hayatini-riske-atacak-korkunc-insani-sonuclar-doguracagi-konusunda-uyardi\/\"]}]},{\"@type\":\"ImageObject\",\"inLanguage\":\"tr\",\"@id\":\"https:\/\/shiawaves.com\/turkish\/2024\/08\/10\/unicef-orta-dogu-bolgesinde-siddetin-artmasinin-cocuklarin-hayatini-riske-atacak-korkunc-insani-sonuclar-doguracagi-konusunda-uyardi\/#primaryimage\",\"url\":\"https:\/\/shiawaves.com\/turkish\/wp-content\/uploads\/sites\/6\/2024\/08\/photo_2024-08-10_16-34-22.jpg\",\"contentUrl\":\"https:\/\/shiawaves.com\/turkish\/wp-content\/uploads\/sites\/6\/2024\/08\/photo_2024-08-10_16-34-22.jpg\",\"width\":770,\"height\":513,\"caption\":\"UNICEF'ten Ortado\u011fu'da Artan Gerilime \u0130li\u015fkin Uyar\u0131\"},{\"@type\":\"BreadcrumbList\",\"@id\":\"https:\/\/shiawaves.com\/turkish\/2024\/08\/10\/unicef-orta-dogu-bolgesinde-siddetin-artmasinin-cocuklarin-hayatini-riske-atacak-korkunc-insani-sonuclar-doguracagi-konusunda-uyardi\/#breadcrumb\",\"itemListElement\":[{\"@type\":\"ListItem\",\"position\":1,\"name\":\"Home\",\"item\":\"https:\/\/shiawaves.com\/turkish\/\"},{\"@type\":\"ListItem\",\"position\":2,\"name\":\"UNICEF&#8217;ten Ortado\u011fu&#8217;da Artan Gerilime \u0130li\u015fkin Uyar\u0131\"}]},{\"@type\":\"WebSite\",\"@id\":\"https:\/\/shiawaves.com\/turkish\/#website\",\"url\":\"https:\/\/shiawaves.com\/turkish\/\",\"name\":\"ShiaWaves Turkish - \u015eia Haberleri\",\"description\":\"\",\"potentialAction\":[{\"@type\":\"SearchAction\",\"target\":{\"@type\":\"EntryPoint\",\"urlTemplate\":\"https:\/\/shiawaves.com\/turkish\/?s={search_term_string}\"},\"query-input\":{\"@type\":\"PropertyValueSpecification\",\"valueRequired\":true,\"valueName\":\"search_term_string\"}}],\"inLanguage\":\"tr\"},{\"@type\":\"Person\",\"@id\":\"https:\/\/shiawaves.com\/turkish\/#\/schema\/person\/9f68d5023e948086b9348fba5aebd954\",\"name\":\"modir\",\"image\":{\"@type\":\"ImageObject\",\"inLanguage\":\"tr\",\"@id\":\"https:\/\/shiawaves.com\/turkish\/#\/schema\/person\/image\/\",\"url\":\"https:\/\/secure.gravatar.com\/avatar\/8e76f93cdbdd480bd8918d1e0e1d938664c9cb1516c2a57a2b96fe50b507a6b9?s=96&d=mm&r=g\",\"contentUrl\":\"https:\/\/secure.gravatar.com\/avatar\/8e76f93cdbdd480bd8918d1e0e1d938664c9cb1516c2a57a2b96fe50b507a6b9?s=96&d=mm&r=g\",\"caption\":\"modir\"},\"sameAs\":[\"https:\/\/shiawaves.com\"],\"url\":\"https:\/\/shiawaves.com\/turkish\/author\/modir\/\"}]}<\/script>\n<!-- \/ Yoast SEO plugin. -->","yoast_head_json":{"title":"UNICEF'ten Ortado\u011fu'da Artan Gerilime \u0130li\u015fkin Uyar\u0131 - ShiaWaves Turkish - \u015eia Haberleri","description":"UNICEF, Orta Do\u011fu b\u00f6lgesinde \u015fiddetin artmas\u0131n\u0131n \u00e7ocuklar\u0131n hayat\u0131n\u0131 riske atacak korkun\u00e7 insani sonu\u00e7lar do\u011furaca\u011f\u0131 konusunda uyard\u0131.","robots":{"index":"index","follow":"follow","max-snippet":"max-snippet:-1","max-image-preview":"max-image-preview:large","max-video-preview":"max-video-preview:-1"},"canonical":"https:\/\/shiawaves.com\/turkish\/2024\/08\/10\/unicef-orta-dogu-bolgesinde-siddetin-artmasinin-cocuklarin-hayatini-riske-atacak-korkunc-insani-sonuclar-doguracagi-konusunda-uyardi\/","og_locale":"tr_TR","og_type":"article","og_title":"UNICEF'ten Ortado\u011fu'da Artan Gerilime \u0130li\u015fkin Uyar\u0131 - ShiaWaves Turkish - \u015eia Haberleri","og_description":"UNICEF, Orta Do\u011fu b\u00f6lgesinde \u015fiddetin artmas\u0131n\u0131n \u00e7ocuklar\u0131n hayat\u0131n\u0131 riske atacak korkun\u00e7 insani sonu\u00e7lar do\u011furaca\u011f\u0131 konusunda uyard\u0131.","og_url":"https:\/\/shiawaves.com\/turkish\/2024\/08\/10\/unicef-orta-dogu-bolgesinde-siddetin-artmasinin-cocuklarin-hayatini-riske-atacak-korkunc-insani-sonuclar-doguracagi-konusunda-uyardi\/","og_site_name":"ShiaWaves Turkish - \u015eia Haberleri","article_published_time":"2024-08-10T13:42:00+00:00","article_modified_time":"2024-08-10T13:42:01+00:00","og_image":[{"width":770,"height":513,"url":"https:\/\/shiawaves.com\/turkish\/wp-content\/uploads\/sites\/6\/2024\/08\/photo_2024-08-10_16-34-22.jpg","type":"image\/jpeg"}],"author":"modir","twitter_card":"summary_large_image","twitter_misc":{"Yazan:":"modir","Tahmini okuma s\u00fcresi":"2 dakika"},"schema":{"@context":"https:\/\/schema.org","@graph":[{"@type":"WebPage","@id":"https:\/\/shiawaves.com\/turkish\/2024\/08\/10\/unicef-orta-dogu-bolgesinde-siddetin-artmasinin-cocuklarin-hayatini-riske-atacak-korkunc-insani-sonuclar-doguracagi-konusunda-uyardi\/","url":"https:\/\/shiawaves.com\/turkish\/2024\/08\/10\/unicef-orta-dogu-bolgesinde-siddetin-artmasinin-cocuklarin-hayatini-riske-atacak-korkunc-insani-sonuclar-doguracagi-konusunda-uyardi\/","name":"UNICEF'ten Ortado\u011fu'da Artan Gerilime \u0130li\u015fkin Uyar\u0131 - ShiaWaves Turkish - \u015eia Haberleri","isPartOf":{"@id":"https:\/\/shiawaves.com\/turkish\/#website"},"primaryImageOfPage":{"@id":"https:\/\/shiawaves.com\/turkish\/2024\/08\/10\/unicef-orta-dogu-bolgesinde-siddetin-artmasinin-cocuklarin-hayatini-riske-atacak-korkunc-insani-sonuclar-doguracagi-konusunda-uyardi\/#primaryimage"},"image":{"@id":"https:\/\/shiawaves.com\/turkish\/2024\/08\/10\/unicef-orta-dogu-bolgesinde-siddetin-artmasinin-cocuklarin-hayatini-riske-atacak-korkunc-insani-sonuclar-doguracagi-konusunda-uyardi\/#primaryimage"},"thumbnailUrl":"https:\/\/shiawaves.com\/turkish\/wp-content\/uploads\/sites\/6\/2024\/08\/photo_2024-08-10_16-34-22.jpg","datePublished":"2024-08-10T13:42:00+00:00","dateModified":"2024-08-10T13:42:01+00:00","author":{"@id":"https:\/\/shiawaves.com\/turkish\/#\/schema\/person\/9f68d5023e948086b9348fba5aebd954"},"description":"UNICEF, Orta Do\u011fu b\u00f6lgesinde \u015fiddetin artmas\u0131n\u0131n \u00e7ocuklar\u0131n hayat\u0131n\u0131 riske atacak korkun\u00e7 insani sonu\u00e7lar do\u011furaca\u011f\u0131 konusunda uyard\u0131.","breadcrumb":{"@id":"https:\/\/shiawaves.com\/turkish\/2024\/08\/10\/unicef-orta-dogu-bolgesinde-siddetin-artmasinin-cocuklarin-hayatini-riske-atacak-korkunc-insani-sonuclar-doguracagi-konusunda-uyardi\/#breadcrumb"},"inLanguage":"tr","potentialAction":[{"@type":"ReadAction","target":["https:\/\/shiawaves.com\/turkish\/2024\/08\/10\/unicef-orta-dogu-bolgesinde-siddetin-artmasinin-cocuklarin-hayatini-riske-atacak-korkunc-insani-sonuclar-doguracagi-konusunda-uyardi\/"]}]},{"@type":"ImageObject","inLanguage":"tr","@id":"https:\/\/shiawaves.com\/turkish\/2024\/08\/10\/unicef-orta-dogu-bolgesinde-siddetin-artmasinin-cocuklarin-hayatini-riske-atacak-korkunc-insani-sonuclar-doguracagi-konusunda-uyardi\/#primaryimage","url":"https:\/\/shiawaves.com\/turkish\/wp-content\/uploads\/sites\/6\/2024\/08\/photo_2024-08-10_16-34-22.jpg","contentUrl":"https:\/\/shiawaves.com\/turkish\/wp-content\/uploads\/sites\/6\/2024\/08\/photo_2024-08-10_16-34-22.jpg","width":770,"height":513,"caption":"UNICEF'ten Ortado\u011fu'da Artan Gerilime \u0130li\u015fkin Uyar\u0131"},{"@type":"BreadcrumbList","@id":"https:\/\/shiawaves.com\/turkish\/2024\/08\/10\/unicef-orta-dogu-bolgesinde-siddetin-artmasinin-cocuklarin-hayatini-riske-atacak-korkunc-insani-sonuclar-doguracagi-konusunda-uyardi\/#breadcrumb","itemListElement":[{"@type":"ListItem","position":1,"name":"Home","item":"https:\/\/shiawaves.com\/turkish\/"},{"@type":"ListItem","position":2,"name":"UNICEF&#8217;ten Ortado\u011fu&#8217;da Artan Gerilime \u0130li\u015fkin Uyar\u0131"}]},{"@type":"WebSite","@id":"https:\/\/shiawaves.com\/turkish\/#website","url":"https:\/\/shiawaves.com\/turkish\/","name":"ShiaWaves Turkish - \u015eia Haberleri","description":"","potentialAction":[{"@type":"SearchAction","target":{"@type":"EntryPoint","urlTemplate":"https:\/\/shiawaves.com\/turkish\/?s={search_term_string}"},"query-input":{"@type":"PropertyValueSpecification","valueRequired":true,"valueName":"search_term_string"}}],"inLanguage":"tr"},{"@type":"Person","@id":"https:\/\/shiawaves.com\/turkish\/#\/schema\/person\/9f68d5023e948086b9348fba5aebd954","name":"modir","image":{"@type":"ImageObject","inLanguage":"tr","@id":"https:\/\/shiawaves.com\/turkish\/#\/schema\/person\/image\/","url":"https:\/\/secure.gravatar.com\/avatar\/8e76f93cdbdd480bd8918d1e0e1d938664c9cb1516c2a57a2b96fe50b507a6b9?s=96&d=mm&r=g","contentUrl":"https:\/\/secure.gravatar.com\/avatar\/8e76f93cdbdd480bd8918d1e0e1d938664c9cb1516c2a57a2b96fe50b507a6b9?s=96&d=mm&r=g","caption":"modir"},"sameAs":["https:\/\/shiawaves.com"],"url":"https:\/\/shiawaves.com\/turkish\/author\/modir\/"}]}},"_links":{"self":[{"href":"https:\/\/shiawaves.com\/turkish\/wp-json\/wp\/v2\/posts\/106729","targetHints":{"allow":["GET"]}}],"collection":[{"href":"https:\/\/shiawaves.com\/turkish\/wp-json\/wp\/v2\/posts"}],"about":[{"href":"https:\/\/shiawaves.com\/turkish\/wp-json\/wp\/v2\/types\/post"}],"author":[{"embeddable":true,"href":"https:\/\/shiawaves.com\/turkish\/wp-json\/wp\/v2\/users\/1"}],"replies":[{"embeddable":true,"href":"https:\/\/shiawaves.com\/turkish\/wp-json\/wp\/v2\/comments?post=106729"}],"version-history":[{"count":1,"href":"https:\/\/shiawaves.com\/turkish\/wp-json\/wp\/v2\/posts\/106729\/revisions"}],"predecessor-version":[{"id":106731,"href":"https:\/\/shiawaves.com\/turkish\/wp-json\/wp\/v2\/posts\/106729\/revisions\/106731"}],"wp:featuredmedia":[{"embeddable":true,"href":"https:\/\/shiawaves.com\/turkish\/wp-json\/wp\/v2\/media\/106730"}],"wp:attachment":[{"href":"https:\/\/shiawaves.com\/turkish\/wp-json\/wp\/v2\/media?parent=106729"}],"wp:term":[{"taxonomy":"category","embeddable":true,"href":"https:\/\/shiawaves.com\/turkish\/wp-json\/wp\/v2\/categories?post=106729"},{"taxonomy":"post_tag","embeddable":true,"href":"https:\/\/shiawaves.com\/turkish\/wp-json\/wp\/v2\/tags?post=106729"}],"curies":[{"name":"wp","href":"https:\/\/api.w.org\/{rel}","templated":true}]}}