{"id":106703,"date":"2024-08-05T10:49:45","date_gmt":"2024-08-05T07:49:45","guid":{"rendered":"https:\/\/shiawaves.com\/turkish\/?p=106703"},"modified":"2024-08-05T10:49:45","modified_gmt":"2024-08-05T07:49:45","slug":"misbahu-l-huseyn-a-s-muessesesinin-iraka-tesekkurler-adli-kitabinin-yayinlanmasi","status":"publish","type":"post","link":"https:\/\/shiawaves.com\/turkish\/2024\/08\/05\/misbahu-l-huseyn-a-s-muessesesinin-iraka-tesekkurler-adli-kitabinin-yayinlanmasi\/","title":{"rendered":"Misbahu-l H\u00fcseyn (a.s) M\u00fcessesesinin &#8220;Irak\u2019a Te\u015fekk\u00fcrler&#8221; Adl\u0131 Kitab\u0131n\u0131n Yay\u0131nlanmas\u0131"},"content":{"rendered":"\n<p>Misbah el-Huseyn (a.s) K\u00fclt\u00fcr ve Yard\u0131m M\u00fcessesesi&#8221;Irak\u2019a Te\u015fekk\u00fcrler&#8221; kitab\u0131n\u0131n yay\u0131nland\u0131\u011f\u0131n\u0131 duyurdu. Bu, &#8220;El-Misbah&#8221; kitaplar\u0131 serisinin ikinci kitab\u0131d\u0131r ve H\u00fcseyni \u015fiarlar\u0131n yerine getirilmesine y\u00f6nelik t\u00fcm \u00e7abalar\u0131 takdir etmek amac\u0131yla yay\u0131mlanm\u0131\u015ft\u0131r.<\/p>\n\n\n\n<p>&#8220;Irak\u2019a Te\u015fekk\u00fcrler&#8221; adl\u0131 kitapta B\u00fcy\u00fck Ayetullah Seyyid Sad\u0131k H\u00fcseyni \u015eirazi&#8217;nin beyanlar\u0131, Irakl\u0131 delegelere ve \u015fahsiyetlere, H\u00fcseyni \u015fiarlar\u0131, \u00f6zellikle de ziyaretini canland\u0131rma \u00e7abalar\u0131ndan dolay\u0131 \u015f\u00fckranlar\u0131 yer al\u0131yor.<\/p>\n\n\n\n<p>Misbahu-l H\u00fcseyn (a.s) medya departman\u0131 ba\u015fkan\u0131 Ahmed Ghazal \u015funlar\u0131 s\u00f6yledi: Bu kitap, Misbah M\u00fcessesesi taraf\u0131ndan heyetlere, hadimlere ve \u0130mam H\u00fcseyin (a.s) medya grubu misafirlerine \u00fccretsiz olarak da\u011f\u0131t\u0131lmaktad\u0131r.<\/p>\n","protected":false},"excerpt":{"rendered":"<p>Misbah el-Huseyn (a.s) K\u00fclt\u00fcr ve Yard\u0131m M\u00fcessesesi&#8221;Irak\u2019a Te\u015fekk\u00fcrler&#8221; kitab\u0131n\u0131n yay\u0131nland\u0131\u011f\u0131n\u0131 duyurdu. Bu, &#8220;El-Misbah&#8221; kitaplar\u0131 serisinin ikinci kitab\u0131d\u0131r ve H\u00fcseyni \u015fiarlar\u0131n yerine getirilmesine y\u00f6nelik t\u00fcm \u00e7abalar\u0131 takdir etmek amac\u0131yla yay\u0131mlanm\u0131\u015ft\u0131r. &#8220;Irak\u2019a Te\u015fekk\u00fcrler&#8221; adl\u0131 kitapta B\u00fcy\u00fck Ayetullah Seyyid Sad\u0131k H\u00fcseyni \u015eirazi&#8217;nin beyanlar\u0131, Irakl\u0131 delegelere ve \u015fahsiyetlere, H\u00fcseyni \u015fiarlar\u0131, \u00f6zellikle de ziyaretini canland\u0131rma \u00e7abalar\u0131ndan dolay\u0131 \u015f\u00fckranlar\u0131 yer al\u0131yor. &hellip;<\/p>\n","protected":false},"author":41,"featured_media":106704,"comment_status":"open","ping_status":"open","sticky":false,"template":"","format":"standard","meta":{"rop_custom_images_group":[],"rop_custom_messages_group":[],"rop_publish_now":"initial","rop_publish_now_accounts":[],"rop_publish_now_history":[],"rop_publish_now_status":"pending","footnotes":""},"categories":[26],"tags":[568,567,566,254,569],"class_list":["post-106703","post","type-post","status-publish","format-standard","has-post-thumbnail","hentry","category-marjaeyat","tag-iraka-tesekkurler","tag-buyuk-ayetullah-seyyid-sadik-huseyni-sirazi","tag-el-misbah-kitaplari-serisi","tag-huseyni-siarlar","tag-misbah-el-huseyn-a-s"],"_wp_page_template":null,"_wp_attached_file":null,"_wp_attachment_metadata":null,"_edit_lock":"1722844186:41","yoast_head":"<!-- This site is optimized with the Yoast SEO plugin v24.3 - https:\/\/yoast.com\/wordpress\/plugins\/seo\/ -->\n<title>Misbahu-l H\u00fcseyn (a.s) M\u00fcessesesinin &quot;Irak\u2019a Te\u015fekk\u00fcrler&quot; Adl\u0131 Kitab\u0131n\u0131n Yay\u0131nlanmas\u0131 - ShiaWaves Turkish - \u015eia Haberleri<\/title>\n<meta name=\"description\" content=\"Misbah el-Huseyn (a.s) K\u00fclt\u00fcr ve Yard\u0131m M\u00fcessesesi&quot;Irak\u2019a Te\u015fekk\u00fcrler&quot; kitab\u0131n\u0131n yay\u0131nland\u0131\u011f\u0131n\u0131 duyurdu. Bu, &quot;El-Misbah&quot; kitaplar\u0131 serisinin ikinci kitab\u0131d\u0131r ve H\u00fcseyni \u015fiarlar\u0131n yerine getirilmesine y\u00f6nelik t\u00fcm \u00e7abalar\u0131 takdir etmek amac\u0131yla yay\u0131mlanm\u0131\u015ft\u0131r.\" \/>\n<meta name=\"robots\" content=\"index, follow, max-snippet:-1, max-image-preview:large, max-video-preview:-1\" \/>\n<link rel=\"canonical\" href=\"https:\/\/shiawaves.com\/turkish\/2024\/08\/05\/misbahu-l-huseyn-a-s-muessesesinin-iraka-tesekkurler-adli-kitabinin-yayinlanmasi\/\" \/>\n<meta property=\"og:locale\" content=\"tr_TR\" \/>\n<meta property=\"og:type\" content=\"article\" \/>\n<meta property=\"og:title\" content=\"Misbahu-l H\u00fcseyn (a.s) M\u00fcessesesinin &quot;Irak\u2019a Te\u015fekk\u00fcrler&quot; Adl\u0131 Kitab\u0131n\u0131n Yay\u0131nlanmas\u0131 - ShiaWaves Turkish - \u015eia Haberleri\" \/>\n<meta property=\"og:description\" content=\"Misbah el-Huseyn (a.s) K\u00fclt\u00fcr ve Yard\u0131m M\u00fcessesesi&quot;Irak\u2019a Te\u015fekk\u00fcrler&quot; kitab\u0131n\u0131n yay\u0131nland\u0131\u011f\u0131n\u0131 duyurdu. Bu, &quot;El-Misbah&quot; kitaplar\u0131 serisinin ikinci kitab\u0131d\u0131r ve H\u00fcseyni \u015fiarlar\u0131n yerine getirilmesine y\u00f6nelik t\u00fcm \u00e7abalar\u0131 takdir etmek amac\u0131yla yay\u0131mlanm\u0131\u015ft\u0131r.\" \/>\n<meta property=\"og:url\" content=\"https:\/\/shiawaves.com\/turkish\/2024\/08\/05\/misbahu-l-huseyn-a-s-muessesesinin-iraka-tesekkurler-adli-kitabinin-yayinlanmasi\/\" \/>\n<meta property=\"og:site_name\" content=\"ShiaWaves Turkish - \u015eia Haberleri\" \/>\n<meta property=\"article:published_time\" content=\"2024-08-05T07:49:45+00:00\" \/>\n<meta property=\"og:image\" content=\"https:\/\/shiawaves.com\/turkish\/wp-content\/uploads\/sites\/6\/2024\/08\/photo_2024-08-03_12-37-15.jpg\" \/>\n\t<meta property=\"og:image:width\" content=\"897\" \/>\n\t<meta property=\"og:image:height\" content=\"637\" \/>\n\t<meta property=\"og:image:type\" content=\"image\/jpeg\" \/>\n<meta name=\"author\" content=\"Mehdi Adham\" \/>\n<meta name=\"twitter:card\" content=\"summary_large_image\" \/>\n<meta name=\"twitter:label1\" content=\"Yazan:\" \/>\n\t<meta name=\"twitter:data1\" content=\"Mehdi Adham\" \/>\n\t<meta name=\"twitter:label2\" content=\"Tahmini okuma s\u00fcresi\" \/>\n\t<meta name=\"twitter:data2\" content=\"1 dakika\" \/>\n<script type=\"application\/ld+json\" class=\"yoast-schema-graph\">{\"@context\":\"https:\/\/schema.org\",\"@graph\":[{\"@type\":\"WebPage\",\"@id\":\"https:\/\/shiawaves.com\/turkish\/2024\/08\/05\/misbahu-l-huseyn-a-s-muessesesinin-iraka-tesekkurler-adli-kitabinin-yayinlanmasi\/\",\"url\":\"https:\/\/shiawaves.com\/turkish\/2024\/08\/05\/misbahu-l-huseyn-a-s-muessesesinin-iraka-tesekkurler-adli-kitabinin-yayinlanmasi\/\",\"name\":\"Misbahu-l H\u00fcseyn (a.s) M\u00fcessesesinin \\\"Irak\u2019a Te\u015fekk\u00fcrler\\\" Adl\u0131 Kitab\u0131n\u0131n Yay\u0131nlanmas\u0131 - ShiaWaves Turkish - \u015eia Haberleri\",\"isPartOf\":{\"@id\":\"https:\/\/shiawaves.com\/turkish\/#website\"},\"primaryImageOfPage\":{\"@id\":\"https:\/\/shiawaves.com\/turkish\/2024\/08\/05\/misbahu-l-huseyn-a-s-muessesesinin-iraka-tesekkurler-adli-kitabinin-yayinlanmasi\/#primaryimage\"},\"image\":{\"@id\":\"https:\/\/shiawaves.com\/turkish\/2024\/08\/05\/misbahu-l-huseyn-a-s-muessesesinin-iraka-tesekkurler-adli-kitabinin-yayinlanmasi\/#primaryimage\"},\"thumbnailUrl\":\"https:\/\/shiawaves.com\/turkish\/wp-content\/uploads\/sites\/6\/2024\/08\/photo_2024-08-03_12-37-15.jpg\",\"datePublished\":\"2024-08-05T07:49:45+00:00\",\"dateModified\":\"2024-08-05T07:49:45+00:00\",\"author\":{\"@id\":\"https:\/\/shiawaves.com\/turkish\/#\/schema\/person\/9f40fcff214dbf0bb18ce08533d2b3d8\"},\"description\":\"Misbah el-Huseyn (a.s) K\u00fclt\u00fcr ve Yard\u0131m M\u00fcessesesi\\\"Irak\u2019a Te\u015fekk\u00fcrler\\\" kitab\u0131n\u0131n yay\u0131nland\u0131\u011f\u0131n\u0131 duyurdu. Bu, \\\"El-Misbah\\\" kitaplar\u0131 serisinin ikinci kitab\u0131d\u0131r ve H\u00fcseyni \u015fiarlar\u0131n yerine getirilmesine y\u00f6nelik t\u00fcm \u00e7abalar\u0131 takdir etmek amac\u0131yla yay\u0131mlanm\u0131\u015ft\u0131r.\",\"breadcrumb\":{\"@id\":\"https:\/\/shiawaves.com\/turkish\/2024\/08\/05\/misbahu-l-huseyn-a-s-muessesesinin-iraka-tesekkurler-adli-kitabinin-yayinlanmasi\/#breadcrumb\"},\"inLanguage\":\"tr\",\"potentialAction\":[{\"@type\":\"ReadAction\",\"target\":[\"https:\/\/shiawaves.com\/turkish\/2024\/08\/05\/misbahu-l-huseyn-a-s-muessesesinin-iraka-tesekkurler-adli-kitabinin-yayinlanmasi\/\"]}]},{\"@type\":\"ImageObject\",\"inLanguage\":\"tr\",\"@id\":\"https:\/\/shiawaves.com\/turkish\/2024\/08\/05\/misbahu-l-huseyn-a-s-muessesesinin-iraka-tesekkurler-adli-kitabinin-yayinlanmasi\/#primaryimage\",\"url\":\"https:\/\/shiawaves.com\/turkish\/wp-content\/uploads\/sites\/6\/2024\/08\/photo_2024-08-03_12-37-15.jpg\",\"contentUrl\":\"https:\/\/shiawaves.com\/turkish\/wp-content\/uploads\/sites\/6\/2024\/08\/photo_2024-08-03_12-37-15.jpg\",\"width\":897,\"height\":637},{\"@type\":\"BreadcrumbList\",\"@id\":\"https:\/\/shiawaves.com\/turkish\/2024\/08\/05\/misbahu-l-huseyn-a-s-muessesesinin-iraka-tesekkurler-adli-kitabinin-yayinlanmasi\/#breadcrumb\",\"itemListElement\":[{\"@type\":\"ListItem\",\"position\":1,\"name\":\"Home\",\"item\":\"https:\/\/shiawaves.com\/turkish\/\"},{\"@type\":\"ListItem\",\"position\":2,\"name\":\"Misbahu-l H\u00fcseyn (a.s) M\u00fcessesesinin &#8220;Irak\u2019a Te\u015fekk\u00fcrler&#8221; Adl\u0131 Kitab\u0131n\u0131n Yay\u0131nlanmas\u0131\"}]},{\"@type\":\"WebSite\",\"@id\":\"https:\/\/shiawaves.com\/turkish\/#website\",\"url\":\"https:\/\/shiawaves.com\/turkish\/\",\"name\":\"ShiaWaves Turkish - \u015eia Haberleri\",\"description\":\"\",\"potentialAction\":[{\"@type\":\"SearchAction\",\"target\":{\"@type\":\"EntryPoint\",\"urlTemplate\":\"https:\/\/shiawaves.com\/turkish\/?s={search_term_string}\"},\"query-input\":{\"@type\":\"PropertyValueSpecification\",\"valueRequired\":true,\"valueName\":\"search_term_string\"}}],\"inLanguage\":\"tr\"},{\"@type\":\"Person\",\"@id\":\"https:\/\/shiawaves.com\/turkish\/#\/schema\/person\/9f40fcff214dbf0bb18ce08533d2b3d8\",\"name\":\"Mehdi Adham\",\"image\":{\"@type\":\"ImageObject\",\"inLanguage\":\"tr\",\"@id\":\"https:\/\/shiawaves.com\/turkish\/#\/schema\/person\/image\/\",\"url\":\"https:\/\/secure.gravatar.com\/avatar\/6e765dedcfab8a106b55be64c882415eafe6c57e2ffa8d8ed89dc1a9e453af17?s=96&d=mm&r=g\",\"contentUrl\":\"https:\/\/secure.gravatar.com\/avatar\/6e765dedcfab8a106b55be64c882415eafe6c57e2ffa8d8ed89dc1a9e453af17?s=96&d=mm&r=g\",\"caption\":\"Mehdi Adham\"},\"url\":\"https:\/\/shiawaves.com\/turkish\/author\/jabbarzadeh\/\"}]}<\/script>\n<!-- \/ Yoast SEO plugin. -->","yoast_head_json":{"title":"Misbahu-l H\u00fcseyn (a.s) M\u00fcessesesinin \"Irak\u2019a Te\u015fekk\u00fcrler\" Adl\u0131 Kitab\u0131n\u0131n Yay\u0131nlanmas\u0131 - ShiaWaves Turkish - \u015eia Haberleri","description":"Misbah el-Huseyn (a.s) K\u00fclt\u00fcr ve Yard\u0131m M\u00fcessesesi\"Irak\u2019a Te\u015fekk\u00fcrler\" kitab\u0131n\u0131n yay\u0131nland\u0131\u011f\u0131n\u0131 duyurdu. Bu, \"El-Misbah\" kitaplar\u0131 serisinin ikinci kitab\u0131d\u0131r ve H\u00fcseyni \u015fiarlar\u0131n yerine getirilmesine y\u00f6nelik t\u00fcm \u00e7abalar\u0131 takdir etmek amac\u0131yla yay\u0131mlanm\u0131\u015ft\u0131r.","robots":{"index":"index","follow":"follow","max-snippet":"max-snippet:-1","max-image-preview":"max-image-preview:large","max-video-preview":"max-video-preview:-1"},"canonical":"https:\/\/shiawaves.com\/turkish\/2024\/08\/05\/misbahu-l-huseyn-a-s-muessesesinin-iraka-tesekkurler-adli-kitabinin-yayinlanmasi\/","og_locale":"tr_TR","og_type":"article","og_title":"Misbahu-l H\u00fcseyn (a.s) M\u00fcessesesinin \"Irak\u2019a Te\u015fekk\u00fcrler\" Adl\u0131 Kitab\u0131n\u0131n Yay\u0131nlanmas\u0131 - ShiaWaves Turkish - \u015eia Haberleri","og_description":"Misbah el-Huseyn (a.s) K\u00fclt\u00fcr ve Yard\u0131m M\u00fcessesesi\"Irak\u2019a Te\u015fekk\u00fcrler\" kitab\u0131n\u0131n yay\u0131nland\u0131\u011f\u0131n\u0131 duyurdu. Bu, \"El-Misbah\" kitaplar\u0131 serisinin ikinci kitab\u0131d\u0131r ve H\u00fcseyni \u015fiarlar\u0131n yerine getirilmesine y\u00f6nelik t\u00fcm \u00e7abalar\u0131 takdir etmek amac\u0131yla yay\u0131mlanm\u0131\u015ft\u0131r.","og_url":"https:\/\/shiawaves.com\/turkish\/2024\/08\/05\/misbahu-l-huseyn-a-s-muessesesinin-iraka-tesekkurler-adli-kitabinin-yayinlanmasi\/","og_site_name":"ShiaWaves Turkish - \u015eia Haberleri","article_published_time":"2024-08-05T07:49:45+00:00","og_image":[{"width":897,"height":637,"url":"https:\/\/shiawaves.com\/turkish\/wp-content\/uploads\/sites\/6\/2024\/08\/photo_2024-08-03_12-37-15.jpg","type":"image\/jpeg"}],"author":"Mehdi Adham","twitter_card":"summary_large_image","twitter_misc":{"Yazan:":"Mehdi Adham","Tahmini okuma s\u00fcresi":"1 dakika"},"schema":{"@context":"https:\/\/schema.org","@graph":[{"@type":"WebPage","@id":"https:\/\/shiawaves.com\/turkish\/2024\/08\/05\/misbahu-l-huseyn-a-s-muessesesinin-iraka-tesekkurler-adli-kitabinin-yayinlanmasi\/","url":"https:\/\/shiawaves.com\/turkish\/2024\/08\/05\/misbahu-l-huseyn-a-s-muessesesinin-iraka-tesekkurler-adli-kitabinin-yayinlanmasi\/","name":"Misbahu-l H\u00fcseyn (a.s) M\u00fcessesesinin \"Irak\u2019a Te\u015fekk\u00fcrler\" Adl\u0131 Kitab\u0131n\u0131n Yay\u0131nlanmas\u0131 - ShiaWaves Turkish - \u015eia Haberleri","isPartOf":{"@id":"https:\/\/shiawaves.com\/turkish\/#website"},"primaryImageOfPage":{"@id":"https:\/\/shiawaves.com\/turkish\/2024\/08\/05\/misbahu-l-huseyn-a-s-muessesesinin-iraka-tesekkurler-adli-kitabinin-yayinlanmasi\/#primaryimage"},"image":{"@id":"https:\/\/shiawaves.com\/turkish\/2024\/08\/05\/misbahu-l-huseyn-a-s-muessesesinin-iraka-tesekkurler-adli-kitabinin-yayinlanmasi\/#primaryimage"},"thumbnailUrl":"https:\/\/shiawaves.com\/turkish\/wp-content\/uploads\/sites\/6\/2024\/08\/photo_2024-08-03_12-37-15.jpg","datePublished":"2024-08-05T07:49:45+00:00","dateModified":"2024-08-05T07:49:45+00:00","author":{"@id":"https:\/\/shiawaves.com\/turkish\/#\/schema\/person\/9f40fcff214dbf0bb18ce08533d2b3d8"},"description":"Misbah el-Huseyn (a.s) K\u00fclt\u00fcr ve Yard\u0131m M\u00fcessesesi\"Irak\u2019a Te\u015fekk\u00fcrler\" kitab\u0131n\u0131n yay\u0131nland\u0131\u011f\u0131n\u0131 duyurdu. Bu, \"El-Misbah\" kitaplar\u0131 serisinin ikinci kitab\u0131d\u0131r ve H\u00fcseyni \u015fiarlar\u0131n yerine getirilmesine y\u00f6nelik t\u00fcm \u00e7abalar\u0131 takdir etmek amac\u0131yla yay\u0131mlanm\u0131\u015ft\u0131r.","breadcrumb":{"@id":"https:\/\/shiawaves.com\/turkish\/2024\/08\/05\/misbahu-l-huseyn-a-s-muessesesinin-iraka-tesekkurler-adli-kitabinin-yayinlanmasi\/#breadcrumb"},"inLanguage":"tr","potentialAction":[{"@type":"ReadAction","target":["https:\/\/shiawaves.com\/turkish\/2024\/08\/05\/misbahu-l-huseyn-a-s-muessesesinin-iraka-tesekkurler-adli-kitabinin-yayinlanmasi\/"]}]},{"@type":"ImageObject","inLanguage":"tr","@id":"https:\/\/shiawaves.com\/turkish\/2024\/08\/05\/misbahu-l-huseyn-a-s-muessesesinin-iraka-tesekkurler-adli-kitabinin-yayinlanmasi\/#primaryimage","url":"https:\/\/shiawaves.com\/turkish\/wp-content\/uploads\/sites\/6\/2024\/08\/photo_2024-08-03_12-37-15.jpg","contentUrl":"https:\/\/shiawaves.com\/turkish\/wp-content\/uploads\/sites\/6\/2024\/08\/photo_2024-08-03_12-37-15.jpg","width":897,"height":637},{"@type":"BreadcrumbList","@id":"https:\/\/shiawaves.com\/turkish\/2024\/08\/05\/misbahu-l-huseyn-a-s-muessesesinin-iraka-tesekkurler-adli-kitabinin-yayinlanmasi\/#breadcrumb","itemListElement":[{"@type":"ListItem","position":1,"name":"Home","item":"https:\/\/shiawaves.com\/turkish\/"},{"@type":"ListItem","position":2,"name":"Misbahu-l H\u00fcseyn (a.s) M\u00fcessesesinin &#8220;Irak\u2019a Te\u015fekk\u00fcrler&#8221; Adl\u0131 Kitab\u0131n\u0131n Yay\u0131nlanmas\u0131"}]},{"@type":"WebSite","@id":"https:\/\/shiawaves.com\/turkish\/#website","url":"https:\/\/shiawaves.com\/turkish\/","name":"ShiaWaves Turkish - \u015eia Haberleri","description":"","potentialAction":[{"@type":"SearchAction","target":{"@type":"EntryPoint","urlTemplate":"https:\/\/shiawaves.com\/turkish\/?s={search_term_string}"},"query-input":{"@type":"PropertyValueSpecification","valueRequired":true,"valueName":"search_term_string"}}],"inLanguage":"tr"},{"@type":"Person","@id":"https:\/\/shiawaves.com\/turkish\/#\/schema\/person\/9f40fcff214dbf0bb18ce08533d2b3d8","name":"Mehdi Adham","image":{"@type":"ImageObject","inLanguage":"tr","@id":"https:\/\/shiawaves.com\/turkish\/#\/schema\/person\/image\/","url":"https:\/\/secure.gravatar.com\/avatar\/6e765dedcfab8a106b55be64c882415eafe6c57e2ffa8d8ed89dc1a9e453af17?s=96&d=mm&r=g","contentUrl":"https:\/\/secure.gravatar.com\/avatar\/6e765dedcfab8a106b55be64c882415eafe6c57e2ffa8d8ed89dc1a9e453af17?s=96&d=mm&r=g","caption":"Mehdi Adham"},"url":"https:\/\/shiawaves.com\/turkish\/author\/jabbarzadeh\/"}]}},"_links":{"self":[{"href":"https:\/\/shiawaves.com\/turkish\/wp-json\/wp\/v2\/posts\/106703","targetHints":{"allow":["GET"]}}],"collection":[{"href":"https:\/\/shiawaves.com\/turkish\/wp-json\/wp\/v2\/posts"}],"about":[{"href":"https:\/\/shiawaves.com\/turkish\/wp-json\/wp\/v2\/types\/post"}],"author":[{"embeddable":true,"href":"https:\/\/shiawaves.com\/turkish\/wp-json\/wp\/v2\/users\/41"}],"replies":[{"embeddable":true,"href":"https:\/\/shiawaves.com\/turkish\/wp-json\/wp\/v2\/comments?post=106703"}],"version-history":[{"count":1,"href":"https:\/\/shiawaves.com\/turkish\/wp-json\/wp\/v2\/posts\/106703\/revisions"}],"predecessor-version":[{"id":106705,"href":"https:\/\/shiawaves.com\/turkish\/wp-json\/wp\/v2\/posts\/106703\/revisions\/106705"}],"wp:featuredmedia":[{"embeddable":true,"href":"https:\/\/shiawaves.com\/turkish\/wp-json\/wp\/v2\/media\/106704"}],"wp:attachment":[{"href":"https:\/\/shiawaves.com\/turkish\/wp-json\/wp\/v2\/media?parent=106703"}],"wp:term":[{"taxonomy":"category","embeddable":true,"href":"https:\/\/shiawaves.com\/turkish\/wp-json\/wp\/v2\/categories?post=106703"},{"taxonomy":"post_tag","embeddable":true,"href":"https:\/\/shiawaves.com\/turkish\/wp-json\/wp\/v2\/tags?post=106703"}],"curies":[{"name":"wp","href":"https:\/\/api.w.org\/{rel}","templated":true}]}}