{"id":106641,"date":"2024-07-29T09:00:00","date_gmt":"2024-07-29T06:00:00","guid":{"rendered":"https:\/\/shiawaves.com\/turkish\/?p=106641"},"modified":"2024-07-28T20:43:28","modified_gmt":"2024-07-28T17:43:28","slug":"dunya-saglik-orgutu-afganistanda-40-000den-fazla-supheli-kizamik-vakasi-kaydedildi","status":"publish","type":"post","link":"https:\/\/shiawaves.com\/turkish\/2024\/07\/29\/dunya-saglik-orgutu-afganistanda-40-000den-fazla-supheli-kizamik-vakasi-kaydedildi\/","title":{"rendered":"D\u00fcnya Sa\u011fl\u0131k \u00d6rg\u00fct\u00fc: Afganistan&#8217;da 40.000&#8217;den Fazla \u015e\u00fcpheli K\u0131zam\u0131k Vakas\u0131 Kaydedildi"},"content":{"rendered":"\n<p class=\"has-medium-font-size\">D\u00fcnya Sa\u011fl\u0131k \u00d6rg\u00fct\u00fc, bu y\u0131l Ocak ay\u0131n\u0131n ba\u015f\u0131ndan 20 Temmuz&#8217;a kadar Afganistan genelinde yakla\u015f\u0131k 40.000 \u015f\u00fcpheli k\u0131zam\u0131k vakas\u0131n\u0131n g\u00f6r\u00fcld\u00fc\u011f\u00fc ve 170 ki\u015finin \u00f6ld\u00fc\u011f\u00fc kaydedildi\u011fini bildirdi.<\/p>\n\n\n\n<p>Bu rapora g\u00f6re \u015f\u00fcpheli k\u0131zam\u0131k vakalar\u0131n\u0131n yakla\u015f\u0131k 32.000&#8217;i be\u015f ya\u015f\u0131n alt\u0131ndaki \u00e7ocuklardan olu\u015fuyor.<\/p>\n\n\n\n<p>D\u00fcnya Sa\u011fl\u0131k \u00d6rg\u00fct\u00fc, k\u0131zam\u0131k \u015f\u00fcphesi vakalar\u0131n\u0131n y\u0131lba\u015f\u0131ndan bu yana art\u0131\u015f g\u00f6sterdi\u011fini belirterek, bu hastal\u0131\u011fa ili\u015fkin istatistiklerin 2023 y\u0131l\u0131na ve ondan \u00f6nceki iki y\u0131l\u0131n ortalamalar\u0131na g\u00f6re daha y\u00fcksek oldu\u011funu s\u00f6yledi.<\/p>\n\n\n\n<p>Bundan \u00f6nce doktorlar, Afganistan&#8217;da k\u0131zam\u0131k vakalar\u0131n\u0131n artmas\u0131ndan duydu\u011fu endi\u015feyi dile getirirken, bu hastal\u0131\u011f\u0131n yay\u0131lmas\u0131n\u0131 \u00f6nlemek i\u00e7in ciddi \u00f6nleyici tedbirlerin al\u0131nmas\u0131 gerekti\u011fini vurgulad\u0131.<\/p>\n","protected":false},"excerpt":{"rendered":"<p>D\u00fcnya Sa\u011fl\u0131k \u00d6rg\u00fct\u00fc, bu y\u0131l Ocak ay\u0131n\u0131n ba\u015f\u0131ndan 20 Temmuz&#8217;a kadar Afganistan genelinde yakla\u015f\u0131k 40.000 \u015f\u00fcpheli k\u0131zam\u0131k vakas\u0131n\u0131n g\u00f6r\u00fcld\u00fc\u011f\u00fc ve 170 ki\u015finin \u00f6ld\u00fc\u011f\u00fc kaydedildi\u011fini bildirdi. Bu rapora g\u00f6re \u015f\u00fcpheli k\u0131zam\u0131k vakalar\u0131n\u0131n yakla\u015f\u0131k 32.000&#8217;i be\u015f ya\u015f\u0131n alt\u0131ndaki \u00e7ocuklardan olu\u015fuyor. D\u00fcnya Sa\u011fl\u0131k \u00d6rg\u00fct\u00fc, k\u0131zam\u0131k \u015f\u00fcphesi vakalar\u0131n\u0131n y\u0131lba\u015f\u0131ndan bu yana art\u0131\u015f g\u00f6sterdi\u011fini belirterek, bu hastal\u0131\u011fa ili\u015fkin istatistiklerin 2023 &hellip;<\/p>\n","protected":false},"author":41,"featured_media":106642,"comment_status":"open","ping_status":"open","sticky":false,"template":"","format":"standard","meta":{"rop_custom_images_group":[],"rop_custom_messages_group":[],"rop_publish_now":"initial","rop_publish_now_accounts":[],"rop_publish_now_history":[],"rop_publish_now_status":"pending","footnotes":""},"categories":[8],"tags":[263,490,492,491,489],"class_list":["post-106641","post","type-post","status-publish","format-standard","has-post-thumbnail","hentry","category-afghanistan","tag-afganistan","tag-bes-yas-alti-cocuklar","tag-dunya-saglik-orgutu","tag-kizamik-vakalari","tag-onleyici-tedbirler"],"_wp_page_template":null,"_wp_attached_file":null,"_wp_attachment_metadata":null,"_edit_lock":"1722188608:41","yoast_head":"<!-- This site is optimized with the Yoast SEO plugin v24.3 - https:\/\/yoast.com\/wordpress\/plugins\/seo\/ -->\n<title>D\u00fcnya Sa\u011fl\u0131k \u00d6rg\u00fct\u00fc: Afganistan&#039;da 40.000&#039;den Fazla \u015e\u00fcpheli K\u0131zam\u0131k Vakas\u0131 Kaydedildi - ShiaWaves Turkish - \u015eia Haberleri<\/title>\n<meta name=\"description\" content=\"D\u00fcnya Sa\u011fl\u0131k \u00d6rg\u00fct\u00fc, bu y\u0131l Ocak ay\u0131n\u0131n ba\u015f\u0131ndan 20 Temmuz&#039;a kadar Afganistan genelinde yakla\u015f\u0131k 40.000 \u015f\u00fcpheli k\u0131zam\u0131k vakas\u0131n\u0131n g\u00f6r\u00fcld\u00fc\u011f\u00fc ve 170 ki\u015finin \u00f6ld\u00fc\u011f\u00fc kaydedildi\u011fini bildirdi.\" \/>\n<meta name=\"robots\" content=\"index, follow, max-snippet:-1, max-image-preview:large, max-video-preview:-1\" \/>\n<link rel=\"canonical\" href=\"https:\/\/shiawaves.com\/turkish\/2024\/07\/29\/dunya-saglik-orgutu-afganistanda-40-000den-fazla-supheli-kizamik-vakasi-kaydedildi\/\" \/>\n<meta property=\"og:locale\" content=\"tr_TR\" \/>\n<meta property=\"og:type\" content=\"article\" \/>\n<meta property=\"og:title\" content=\"D\u00fcnya Sa\u011fl\u0131k \u00d6rg\u00fct\u00fc: Afganistan&#039;da 40.000&#039;den Fazla \u015e\u00fcpheli K\u0131zam\u0131k Vakas\u0131 Kaydedildi - ShiaWaves Turkish - \u015eia Haberleri\" \/>\n<meta property=\"og:description\" content=\"D\u00fcnya Sa\u011fl\u0131k \u00d6rg\u00fct\u00fc, bu y\u0131l Ocak ay\u0131n\u0131n ba\u015f\u0131ndan 20 Temmuz&#039;a kadar Afganistan genelinde yakla\u015f\u0131k 40.000 \u015f\u00fcpheli k\u0131zam\u0131k vakas\u0131n\u0131n g\u00f6r\u00fcld\u00fc\u011f\u00fc ve 170 ki\u015finin \u00f6ld\u00fc\u011f\u00fc kaydedildi\u011fini bildirdi.\" \/>\n<meta property=\"og:url\" content=\"https:\/\/shiawaves.com\/turkish\/2024\/07\/29\/dunya-saglik-orgutu-afganistanda-40-000den-fazla-supheli-kizamik-vakasi-kaydedildi\/\" \/>\n<meta property=\"og:site_name\" content=\"ShiaWaves Turkish - \u015eia Haberleri\" \/>\n<meta property=\"article:published_time\" content=\"2024-07-29T06:00:00+00:00\" \/>\n<meta property=\"article:modified_time\" content=\"2024-07-28T17:43:28+00:00\" \/>\n<meta property=\"og:image\" content=\"https:\/\/shiawaves.com\/turkish\/wp-content\/uploads\/sites\/6\/2024\/07\/20221028-img-20221028-155557-675-1-jpg9caa7f-image.jpg\" \/>\n\t<meta property=\"og:image:width\" content=\"990\" \/>\n\t<meta property=\"og:image:height\" content=\"556\" \/>\n\t<meta property=\"og:image:type\" content=\"image\/jpeg\" \/>\n<meta name=\"author\" content=\"Mehdi Adham\" \/>\n<meta name=\"twitter:card\" content=\"summary_large_image\" \/>\n<meta name=\"twitter:label1\" content=\"Yazan:\" \/>\n\t<meta name=\"twitter:data1\" content=\"Mehdi Adham\" \/>\n\t<meta name=\"twitter:label2\" content=\"Tahmini okuma s\u00fcresi\" \/>\n\t<meta name=\"twitter:data2\" content=\"1 dakika\" \/>\n<script type=\"application\/ld+json\" class=\"yoast-schema-graph\">{\"@context\":\"https:\/\/schema.org\",\"@graph\":[{\"@type\":\"WebPage\",\"@id\":\"https:\/\/shiawaves.com\/turkish\/2024\/07\/29\/dunya-saglik-orgutu-afganistanda-40-000den-fazla-supheli-kizamik-vakasi-kaydedildi\/\",\"url\":\"https:\/\/shiawaves.com\/turkish\/2024\/07\/29\/dunya-saglik-orgutu-afganistanda-40-000den-fazla-supheli-kizamik-vakasi-kaydedildi\/\",\"name\":\"D\u00fcnya Sa\u011fl\u0131k \u00d6rg\u00fct\u00fc: Afganistan'da 40.000'den Fazla \u015e\u00fcpheli K\u0131zam\u0131k Vakas\u0131 Kaydedildi - ShiaWaves Turkish - \u015eia Haberleri\",\"isPartOf\":{\"@id\":\"https:\/\/shiawaves.com\/turkish\/#website\"},\"primaryImageOfPage\":{\"@id\":\"https:\/\/shiawaves.com\/turkish\/2024\/07\/29\/dunya-saglik-orgutu-afganistanda-40-000den-fazla-supheli-kizamik-vakasi-kaydedildi\/#primaryimage\"},\"image\":{\"@id\":\"https:\/\/shiawaves.com\/turkish\/2024\/07\/29\/dunya-saglik-orgutu-afganistanda-40-000den-fazla-supheli-kizamik-vakasi-kaydedildi\/#primaryimage\"},\"thumbnailUrl\":\"https:\/\/shiawaves.com\/turkish\/wp-content\/uploads\/sites\/6\/2024\/07\/20221028-img-20221028-155557-675-1-jpg9caa7f-image.jpg\",\"datePublished\":\"2024-07-29T06:00:00+00:00\",\"dateModified\":\"2024-07-28T17:43:28+00:00\",\"author\":{\"@id\":\"https:\/\/shiawaves.com\/turkish\/#\/schema\/person\/9f40fcff214dbf0bb18ce08533d2b3d8\"},\"description\":\"D\u00fcnya Sa\u011fl\u0131k \u00d6rg\u00fct\u00fc, bu y\u0131l Ocak ay\u0131n\u0131n ba\u015f\u0131ndan 20 Temmuz'a kadar Afganistan genelinde yakla\u015f\u0131k 40.000 \u015f\u00fcpheli k\u0131zam\u0131k vakas\u0131n\u0131n g\u00f6r\u00fcld\u00fc\u011f\u00fc ve 170 ki\u015finin \u00f6ld\u00fc\u011f\u00fc kaydedildi\u011fini bildirdi.\",\"breadcrumb\":{\"@id\":\"https:\/\/shiawaves.com\/turkish\/2024\/07\/29\/dunya-saglik-orgutu-afganistanda-40-000den-fazla-supheli-kizamik-vakasi-kaydedildi\/#breadcrumb\"},\"inLanguage\":\"tr\",\"potentialAction\":[{\"@type\":\"ReadAction\",\"target\":[\"https:\/\/shiawaves.com\/turkish\/2024\/07\/29\/dunya-saglik-orgutu-afganistanda-40-000den-fazla-supheli-kizamik-vakasi-kaydedildi\/\"]}]},{\"@type\":\"ImageObject\",\"inLanguage\":\"tr\",\"@id\":\"https:\/\/shiawaves.com\/turkish\/2024\/07\/29\/dunya-saglik-orgutu-afganistanda-40-000den-fazla-supheli-kizamik-vakasi-kaydedildi\/#primaryimage\",\"url\":\"https:\/\/shiawaves.com\/turkish\/wp-content\/uploads\/sites\/6\/2024\/07\/20221028-img-20221028-155557-675-1-jpg9caa7f-image.jpg\",\"contentUrl\":\"https:\/\/shiawaves.com\/turkish\/wp-content\/uploads\/sites\/6\/2024\/07\/20221028-img-20221028-155557-675-1-jpg9caa7f-image.jpg\",\"width\":990,\"height\":556},{\"@type\":\"BreadcrumbList\",\"@id\":\"https:\/\/shiawaves.com\/turkish\/2024\/07\/29\/dunya-saglik-orgutu-afganistanda-40-000den-fazla-supheli-kizamik-vakasi-kaydedildi\/#breadcrumb\",\"itemListElement\":[{\"@type\":\"ListItem\",\"position\":1,\"name\":\"Home\",\"item\":\"https:\/\/shiawaves.com\/turkish\/\"},{\"@type\":\"ListItem\",\"position\":2,\"name\":\"D\u00fcnya Sa\u011fl\u0131k \u00d6rg\u00fct\u00fc: Afganistan&#8217;da 40.000&#8217;den Fazla \u015e\u00fcpheli K\u0131zam\u0131k Vakas\u0131 Kaydedildi\"}]},{\"@type\":\"WebSite\",\"@id\":\"https:\/\/shiawaves.com\/turkish\/#website\",\"url\":\"https:\/\/shiawaves.com\/turkish\/\",\"name\":\"ShiaWaves Turkish - \u015eia Haberleri\",\"description\":\"\",\"potentialAction\":[{\"@type\":\"SearchAction\",\"target\":{\"@type\":\"EntryPoint\",\"urlTemplate\":\"https:\/\/shiawaves.com\/turkish\/?s={search_term_string}\"},\"query-input\":{\"@type\":\"PropertyValueSpecification\",\"valueRequired\":true,\"valueName\":\"search_term_string\"}}],\"inLanguage\":\"tr\"},{\"@type\":\"Person\",\"@id\":\"https:\/\/shiawaves.com\/turkish\/#\/schema\/person\/9f40fcff214dbf0bb18ce08533d2b3d8\",\"name\":\"Mehdi Adham\",\"image\":{\"@type\":\"ImageObject\",\"inLanguage\":\"tr\",\"@id\":\"https:\/\/shiawaves.com\/turkish\/#\/schema\/person\/image\/\",\"url\":\"https:\/\/secure.gravatar.com\/avatar\/6e765dedcfab8a106b55be64c882415eafe6c57e2ffa8d8ed89dc1a9e453af17?s=96&d=mm&r=g\",\"contentUrl\":\"https:\/\/secure.gravatar.com\/avatar\/6e765dedcfab8a106b55be64c882415eafe6c57e2ffa8d8ed89dc1a9e453af17?s=96&d=mm&r=g\",\"caption\":\"Mehdi Adham\"},\"url\":\"https:\/\/shiawaves.com\/turkish\/author\/jabbarzadeh\/\"}]}<\/script>\n<!-- \/ Yoast SEO plugin. -->","yoast_head_json":{"title":"D\u00fcnya Sa\u011fl\u0131k \u00d6rg\u00fct\u00fc: Afganistan'da 40.000'den Fazla \u015e\u00fcpheli K\u0131zam\u0131k Vakas\u0131 Kaydedildi - ShiaWaves Turkish - \u015eia Haberleri","description":"D\u00fcnya Sa\u011fl\u0131k \u00d6rg\u00fct\u00fc, bu y\u0131l Ocak ay\u0131n\u0131n ba\u015f\u0131ndan 20 Temmuz'a kadar Afganistan genelinde yakla\u015f\u0131k 40.000 \u015f\u00fcpheli k\u0131zam\u0131k vakas\u0131n\u0131n g\u00f6r\u00fcld\u00fc\u011f\u00fc ve 170 ki\u015finin \u00f6ld\u00fc\u011f\u00fc kaydedildi\u011fini bildirdi.","robots":{"index":"index","follow":"follow","max-snippet":"max-snippet:-1","max-image-preview":"max-image-preview:large","max-video-preview":"max-video-preview:-1"},"canonical":"https:\/\/shiawaves.com\/turkish\/2024\/07\/29\/dunya-saglik-orgutu-afganistanda-40-000den-fazla-supheli-kizamik-vakasi-kaydedildi\/","og_locale":"tr_TR","og_type":"article","og_title":"D\u00fcnya Sa\u011fl\u0131k \u00d6rg\u00fct\u00fc: Afganistan'da 40.000'den Fazla \u015e\u00fcpheli K\u0131zam\u0131k Vakas\u0131 Kaydedildi - ShiaWaves Turkish - \u015eia Haberleri","og_description":"D\u00fcnya Sa\u011fl\u0131k \u00d6rg\u00fct\u00fc, bu y\u0131l Ocak ay\u0131n\u0131n ba\u015f\u0131ndan 20 Temmuz'a kadar Afganistan genelinde yakla\u015f\u0131k 40.000 \u015f\u00fcpheli k\u0131zam\u0131k vakas\u0131n\u0131n g\u00f6r\u00fcld\u00fc\u011f\u00fc ve 170 ki\u015finin \u00f6ld\u00fc\u011f\u00fc kaydedildi\u011fini bildirdi.","og_url":"https:\/\/shiawaves.com\/turkish\/2024\/07\/29\/dunya-saglik-orgutu-afganistanda-40-000den-fazla-supheli-kizamik-vakasi-kaydedildi\/","og_site_name":"ShiaWaves Turkish - \u015eia Haberleri","article_published_time":"2024-07-29T06:00:00+00:00","article_modified_time":"2024-07-28T17:43:28+00:00","og_image":[{"width":990,"height":556,"url":"https:\/\/shiawaves.com\/turkish\/wp-content\/uploads\/sites\/6\/2024\/07\/20221028-img-20221028-155557-675-1-jpg9caa7f-image.jpg","type":"image\/jpeg"}],"author":"Mehdi Adham","twitter_card":"summary_large_image","twitter_misc":{"Yazan:":"Mehdi Adham","Tahmini okuma s\u00fcresi":"1 dakika"},"schema":{"@context":"https:\/\/schema.org","@graph":[{"@type":"WebPage","@id":"https:\/\/shiawaves.com\/turkish\/2024\/07\/29\/dunya-saglik-orgutu-afganistanda-40-000den-fazla-supheli-kizamik-vakasi-kaydedildi\/","url":"https:\/\/shiawaves.com\/turkish\/2024\/07\/29\/dunya-saglik-orgutu-afganistanda-40-000den-fazla-supheli-kizamik-vakasi-kaydedildi\/","name":"D\u00fcnya Sa\u011fl\u0131k \u00d6rg\u00fct\u00fc: Afganistan'da 40.000'den Fazla \u015e\u00fcpheli K\u0131zam\u0131k Vakas\u0131 Kaydedildi - ShiaWaves Turkish - \u015eia Haberleri","isPartOf":{"@id":"https:\/\/shiawaves.com\/turkish\/#website"},"primaryImageOfPage":{"@id":"https:\/\/shiawaves.com\/turkish\/2024\/07\/29\/dunya-saglik-orgutu-afganistanda-40-000den-fazla-supheli-kizamik-vakasi-kaydedildi\/#primaryimage"},"image":{"@id":"https:\/\/shiawaves.com\/turkish\/2024\/07\/29\/dunya-saglik-orgutu-afganistanda-40-000den-fazla-supheli-kizamik-vakasi-kaydedildi\/#primaryimage"},"thumbnailUrl":"https:\/\/shiawaves.com\/turkish\/wp-content\/uploads\/sites\/6\/2024\/07\/20221028-img-20221028-155557-675-1-jpg9caa7f-image.jpg","datePublished":"2024-07-29T06:00:00+00:00","dateModified":"2024-07-28T17:43:28+00:00","author":{"@id":"https:\/\/shiawaves.com\/turkish\/#\/schema\/person\/9f40fcff214dbf0bb18ce08533d2b3d8"},"description":"D\u00fcnya Sa\u011fl\u0131k \u00d6rg\u00fct\u00fc, bu y\u0131l Ocak ay\u0131n\u0131n ba\u015f\u0131ndan 20 Temmuz'a kadar Afganistan genelinde yakla\u015f\u0131k 40.000 \u015f\u00fcpheli k\u0131zam\u0131k vakas\u0131n\u0131n g\u00f6r\u00fcld\u00fc\u011f\u00fc ve 170 ki\u015finin \u00f6ld\u00fc\u011f\u00fc kaydedildi\u011fini bildirdi.","breadcrumb":{"@id":"https:\/\/shiawaves.com\/turkish\/2024\/07\/29\/dunya-saglik-orgutu-afganistanda-40-000den-fazla-supheli-kizamik-vakasi-kaydedildi\/#breadcrumb"},"inLanguage":"tr","potentialAction":[{"@type":"ReadAction","target":["https:\/\/shiawaves.com\/turkish\/2024\/07\/29\/dunya-saglik-orgutu-afganistanda-40-000den-fazla-supheli-kizamik-vakasi-kaydedildi\/"]}]},{"@type":"ImageObject","inLanguage":"tr","@id":"https:\/\/shiawaves.com\/turkish\/2024\/07\/29\/dunya-saglik-orgutu-afganistanda-40-000den-fazla-supheli-kizamik-vakasi-kaydedildi\/#primaryimage","url":"https:\/\/shiawaves.com\/turkish\/wp-content\/uploads\/sites\/6\/2024\/07\/20221028-img-20221028-155557-675-1-jpg9caa7f-image.jpg","contentUrl":"https:\/\/shiawaves.com\/turkish\/wp-content\/uploads\/sites\/6\/2024\/07\/20221028-img-20221028-155557-675-1-jpg9caa7f-image.jpg","width":990,"height":556},{"@type":"BreadcrumbList","@id":"https:\/\/shiawaves.com\/turkish\/2024\/07\/29\/dunya-saglik-orgutu-afganistanda-40-000den-fazla-supheli-kizamik-vakasi-kaydedildi\/#breadcrumb","itemListElement":[{"@type":"ListItem","position":1,"name":"Home","item":"https:\/\/shiawaves.com\/turkish\/"},{"@type":"ListItem","position":2,"name":"D\u00fcnya Sa\u011fl\u0131k \u00d6rg\u00fct\u00fc: Afganistan&#8217;da 40.000&#8217;den Fazla \u015e\u00fcpheli K\u0131zam\u0131k Vakas\u0131 Kaydedildi"}]},{"@type":"WebSite","@id":"https:\/\/shiawaves.com\/turkish\/#website","url":"https:\/\/shiawaves.com\/turkish\/","name":"ShiaWaves Turkish - \u015eia Haberleri","description":"","potentialAction":[{"@type":"SearchAction","target":{"@type":"EntryPoint","urlTemplate":"https:\/\/shiawaves.com\/turkish\/?s={search_term_string}"},"query-input":{"@type":"PropertyValueSpecification","valueRequired":true,"valueName":"search_term_string"}}],"inLanguage":"tr"},{"@type":"Person","@id":"https:\/\/shiawaves.com\/turkish\/#\/schema\/person\/9f40fcff214dbf0bb18ce08533d2b3d8","name":"Mehdi Adham","image":{"@type":"ImageObject","inLanguage":"tr","@id":"https:\/\/shiawaves.com\/turkish\/#\/schema\/person\/image\/","url":"https:\/\/secure.gravatar.com\/avatar\/6e765dedcfab8a106b55be64c882415eafe6c57e2ffa8d8ed89dc1a9e453af17?s=96&d=mm&r=g","contentUrl":"https:\/\/secure.gravatar.com\/avatar\/6e765dedcfab8a106b55be64c882415eafe6c57e2ffa8d8ed89dc1a9e453af17?s=96&d=mm&r=g","caption":"Mehdi Adham"},"url":"https:\/\/shiawaves.com\/turkish\/author\/jabbarzadeh\/"}]}},"_links":{"self":[{"href":"https:\/\/shiawaves.com\/turkish\/wp-json\/wp\/v2\/posts\/106641","targetHints":{"allow":["GET"]}}],"collection":[{"href":"https:\/\/shiawaves.com\/turkish\/wp-json\/wp\/v2\/posts"}],"about":[{"href":"https:\/\/shiawaves.com\/turkish\/wp-json\/wp\/v2\/types\/post"}],"author":[{"embeddable":true,"href":"https:\/\/shiawaves.com\/turkish\/wp-json\/wp\/v2\/users\/41"}],"replies":[{"embeddable":true,"href":"https:\/\/shiawaves.com\/turkish\/wp-json\/wp\/v2\/comments?post=106641"}],"version-history":[{"count":1,"href":"https:\/\/shiawaves.com\/turkish\/wp-json\/wp\/v2\/posts\/106641\/revisions"}],"predecessor-version":[{"id":106643,"href":"https:\/\/shiawaves.com\/turkish\/wp-json\/wp\/v2\/posts\/106641\/revisions\/106643"}],"wp:featuredmedia":[{"embeddable":true,"href":"https:\/\/shiawaves.com\/turkish\/wp-json\/wp\/v2\/media\/106642"}],"wp:attachment":[{"href":"https:\/\/shiawaves.com\/turkish\/wp-json\/wp\/v2\/media?parent=106641"}],"wp:term":[{"taxonomy":"category","embeddable":true,"href":"https:\/\/shiawaves.com\/turkish\/wp-json\/wp\/v2\/categories?post=106641"},{"taxonomy":"post_tag","embeddable":true,"href":"https:\/\/shiawaves.com\/turkish\/wp-json\/wp\/v2\/tags?post=106641"}],"curies":[{"name":"wp","href":"https:\/\/api.w.org\/{rel}","templated":true}]}}