{"id":106615,"date":"2024-07-27T12:02:00","date_gmt":"2024-07-27T09:02:00","guid":{"rendered":"https:\/\/shiawaves.com\/turkish\/?p=106615"},"modified":"2024-07-27T10:20:27","modified_gmt":"2024-07-27T07:20:27","slug":"ayetullah-sirazinin-samdaki-ofisinde-muharrem-ayinin-ilk-10-gunu-merasimleri-duzenlendi","status":"publish","type":"post","link":"https:\/\/shiawaves.com\/turkish\/2024\/07\/27\/ayetullah-sirazinin-samdaki-ofisinde-muharrem-ayinin-ilk-10-gunu-merasimleri-duzenlendi\/","title":{"rendered":"Ayetullah \u015eirazi&#8217;nin \u015eam&#8217;daki Ofisinde Muharrem Ay\u0131n\u0131n \u0130lk 10 G\u00fcn\u00fc Merasimleri D\u00fczenlendi"},"content":{"rendered":"\n<p class=\"has-medium-font-size\">Ayetullah Seyyid Sad\u0131k H\u00fcseyin \u015eirazi&#8217;nin Suriye\u2019nin \u015eam \u015fehrindeki ofisi, Hicri 1446 Muharrem ay\u0131n\u0131n ilk on g\u00fcn\u00fcnde matem merasimleri d\u00fczenledi.<\/p>\n\n\n\n<p>Bu t\u00f6renler, aralar\u0131nda dini, k\u00fclt\u00fcrel \u015fahsiyetlerin ve taklit mercilerin temsilcilerinin de bulundu\u011fu Ehli Beyt (a.s)\u2019a g\u00f6n\u00fcl veren onlarca insan\u0131n kat\u0131l\u0131m\u0131yla ger\u00e7ekle\u015ftirildi.<\/p>\n\n\n\n<p>Bu t\u00f6renlerde Huccet-\u00fcl \u0130slam Seyyid Riaz El H\u00fcseyin ve H\u00fcccet-\u00fcl \u0130slam \u015eeyh Ekrem Karabij, \u0130mam H\u00fcseyin (a.s) hakk\u0131nda konu\u015fmalar yapt\u0131lar.<\/p>\n","protected":false},"excerpt":{"rendered":"<p>Ayetullah Seyyid Sad\u0131k H\u00fcseyin \u015eirazi&#8217;nin Suriye\u2019nin \u015eam \u015fehrindeki ofisi, Hicri 1446 Muharrem ay\u0131n\u0131n ilk on g\u00fcn\u00fcnde matem merasimleri d\u00fczenledi. Bu t\u00f6renler, aralar\u0131nda dini, k\u00fclt\u00fcrel \u015fahsiyetlerin ve taklit mercilerin temsilcilerinin de bulundu\u011fu Ehli Beyt (a.s)\u2019a g\u00f6n\u00fcl veren onlarca insan\u0131n kat\u0131l\u0131m\u0131yla ger\u00e7ekle\u015ftirildi. Bu t\u00f6renlerde Huccet-\u00fcl \u0130slam Seyyid Riaz El H\u00fcseyin ve H\u00fcccet-\u00fcl \u0130slam \u015eeyh Ekrem Karabij, \u0130mam &hellip;<\/p>\n","protected":false},"author":41,"featured_media":106616,"comment_status":"open","ping_status":"open","sticky":false,"template":"","format":"standard","meta":{"rop_custom_images_group":[],"rop_custom_messages_group":[],"rop_publish_now":"initial","rop_publish_now_accounts":[],"rop_publish_now_history":[],"rop_publish_now_status":"pending","footnotes":""},"categories":[13],"tags":[374,369,406,463,462],"class_list":["post-106615","post","type-post","status-publish","format-standard","has-post-thumbnail","hentry","category-syria","tag-ayetullah-sirazi","tag-ehli-beyt","tag-imam-huseyin","tag-muharrem-merasimleri","tag-sam"],"_wp_page_template":null,"_wp_attached_file":null,"_wp_attachment_metadata":null,"_edit_lock":"1722064827:41","yoast_head":"<!-- This site is optimized with the Yoast SEO plugin v24.3 - https:\/\/yoast.com\/wordpress\/plugins\/seo\/ -->\n<title>Ayetullah \u015eirazi&#039;nin \u015eam&#039;daki Ofisinde Muharrem Ay\u0131n\u0131n \u0130lk 10 G\u00fcn\u00fc Merasimleri D\u00fczenlendi - ShiaWaves Turkish - \u015eia Haberleri<\/title>\n<meta name=\"description\" content=\"Ayetullah Seyyid Sad\u0131k H\u00fcseyin \u015eirazi&#039;nin Suriye\u2019nin \u015eam \u015fehrindeki ofisi, Hicri 1446 Muharrem ay\u0131n\u0131n ilk on g\u00fcn\u00fcnde matem merasimleri d\u00fczenledi.\" \/>\n<meta name=\"robots\" content=\"index, follow, max-snippet:-1, max-image-preview:large, max-video-preview:-1\" \/>\n<link rel=\"canonical\" href=\"https:\/\/shiawaves.com\/turkish\/2024\/07\/27\/ayetullah-sirazinin-samdaki-ofisinde-muharrem-ayinin-ilk-10-gunu-merasimleri-duzenlendi\/\" \/>\n<meta property=\"og:locale\" content=\"tr_TR\" \/>\n<meta property=\"og:type\" content=\"article\" \/>\n<meta property=\"og:title\" content=\"Ayetullah \u015eirazi&#039;nin \u015eam&#039;daki Ofisinde Muharrem Ay\u0131n\u0131n \u0130lk 10 G\u00fcn\u00fc Merasimleri D\u00fczenlendi - ShiaWaves Turkish - \u015eia Haberleri\" \/>\n<meta property=\"og:description\" content=\"Ayetullah Seyyid Sad\u0131k H\u00fcseyin \u015eirazi&#039;nin Suriye\u2019nin \u015eam \u015fehrindeki ofisi, Hicri 1446 Muharrem ay\u0131n\u0131n ilk on g\u00fcn\u00fcnde matem merasimleri d\u00fczenledi.\" \/>\n<meta property=\"og:url\" content=\"https:\/\/shiawaves.com\/turkish\/2024\/07\/27\/ayetullah-sirazinin-samdaki-ofisinde-muharrem-ayinin-ilk-10-gunu-merasimleri-duzenlendi\/\" \/>\n<meta property=\"og:site_name\" content=\"ShiaWaves Turkish - \u015eia Haberleri\" \/>\n<meta property=\"article:published_time\" content=\"2024-07-27T09:02:00+00:00\" \/>\n<meta property=\"article:modified_time\" content=\"2024-07-27T07:20:27+00:00\" \/>\n<meta property=\"og:image\" content=\"https:\/\/shiawaves.com\/turkish\/wp-content\/uploads\/sites\/6\/2024\/07\/\u06321.jpg\" \/>\n\t<meta property=\"og:image:width\" content=\"800\" \/>\n\t<meta property=\"og:image:height\" content=\"538\" \/>\n\t<meta property=\"og:image:type\" content=\"image\/jpeg\" \/>\n<meta name=\"author\" content=\"Mehdi Adham\" \/>\n<meta name=\"twitter:card\" content=\"summary_large_image\" \/>\n<meta name=\"twitter:label1\" content=\"Yazan:\" \/>\n\t<meta name=\"twitter:data1\" content=\"Mehdi Adham\" \/>\n\t<meta name=\"twitter:label2\" content=\"Tahmini okuma s\u00fcresi\" \/>\n\t<meta name=\"twitter:data2\" content=\"1 dakika\" \/>\n<script type=\"application\/ld+json\" class=\"yoast-schema-graph\">{\"@context\":\"https:\/\/schema.org\",\"@graph\":[{\"@type\":\"WebPage\",\"@id\":\"https:\/\/shiawaves.com\/turkish\/2024\/07\/27\/ayetullah-sirazinin-samdaki-ofisinde-muharrem-ayinin-ilk-10-gunu-merasimleri-duzenlendi\/\",\"url\":\"https:\/\/shiawaves.com\/turkish\/2024\/07\/27\/ayetullah-sirazinin-samdaki-ofisinde-muharrem-ayinin-ilk-10-gunu-merasimleri-duzenlendi\/\",\"name\":\"Ayetullah \u015eirazi'nin \u015eam'daki Ofisinde Muharrem Ay\u0131n\u0131n \u0130lk 10 G\u00fcn\u00fc Merasimleri D\u00fczenlendi - ShiaWaves Turkish - \u015eia Haberleri\",\"isPartOf\":{\"@id\":\"https:\/\/shiawaves.com\/turkish\/#website\"},\"primaryImageOfPage\":{\"@id\":\"https:\/\/shiawaves.com\/turkish\/2024\/07\/27\/ayetullah-sirazinin-samdaki-ofisinde-muharrem-ayinin-ilk-10-gunu-merasimleri-duzenlendi\/#primaryimage\"},\"image\":{\"@id\":\"https:\/\/shiawaves.com\/turkish\/2024\/07\/27\/ayetullah-sirazinin-samdaki-ofisinde-muharrem-ayinin-ilk-10-gunu-merasimleri-duzenlendi\/#primaryimage\"},\"thumbnailUrl\":\"https:\/\/shiawaves.com\/turkish\/wp-content\/uploads\/sites\/6\/2024\/07\/\u06321.jpg\",\"datePublished\":\"2024-07-27T09:02:00+00:00\",\"dateModified\":\"2024-07-27T07:20:27+00:00\",\"author\":{\"@id\":\"https:\/\/shiawaves.com\/turkish\/#\/schema\/person\/9f40fcff214dbf0bb18ce08533d2b3d8\"},\"description\":\"Ayetullah Seyyid Sad\u0131k H\u00fcseyin \u015eirazi'nin Suriye\u2019nin \u015eam \u015fehrindeki ofisi, Hicri 1446 Muharrem ay\u0131n\u0131n ilk on g\u00fcn\u00fcnde matem merasimleri d\u00fczenledi.\",\"breadcrumb\":{\"@id\":\"https:\/\/shiawaves.com\/turkish\/2024\/07\/27\/ayetullah-sirazinin-samdaki-ofisinde-muharrem-ayinin-ilk-10-gunu-merasimleri-duzenlendi\/#breadcrumb\"},\"inLanguage\":\"tr\",\"potentialAction\":[{\"@type\":\"ReadAction\",\"target\":[\"https:\/\/shiawaves.com\/turkish\/2024\/07\/27\/ayetullah-sirazinin-samdaki-ofisinde-muharrem-ayinin-ilk-10-gunu-merasimleri-duzenlendi\/\"]}]},{\"@type\":\"ImageObject\",\"inLanguage\":\"tr\",\"@id\":\"https:\/\/shiawaves.com\/turkish\/2024\/07\/27\/ayetullah-sirazinin-samdaki-ofisinde-muharrem-ayinin-ilk-10-gunu-merasimleri-duzenlendi\/#primaryimage\",\"url\":\"https:\/\/shiawaves.com\/turkish\/wp-content\/uploads\/sites\/6\/2024\/07\/\u06321.jpg\",\"contentUrl\":\"https:\/\/shiawaves.com\/turkish\/wp-content\/uploads\/sites\/6\/2024\/07\/\u06321.jpg\",\"width\":800,\"height\":538},{\"@type\":\"BreadcrumbList\",\"@id\":\"https:\/\/shiawaves.com\/turkish\/2024\/07\/27\/ayetullah-sirazinin-samdaki-ofisinde-muharrem-ayinin-ilk-10-gunu-merasimleri-duzenlendi\/#breadcrumb\",\"itemListElement\":[{\"@type\":\"ListItem\",\"position\":1,\"name\":\"Home\",\"item\":\"https:\/\/shiawaves.com\/turkish\/\"},{\"@type\":\"ListItem\",\"position\":2,\"name\":\"Ayetullah \u015eirazi&#8217;nin \u015eam&#8217;daki Ofisinde Muharrem Ay\u0131n\u0131n \u0130lk 10 G\u00fcn\u00fc Merasimleri D\u00fczenlendi\"}]},{\"@type\":\"WebSite\",\"@id\":\"https:\/\/shiawaves.com\/turkish\/#website\",\"url\":\"https:\/\/shiawaves.com\/turkish\/\",\"name\":\"ShiaWaves Turkish - \u015eia Haberleri\",\"description\":\"\",\"potentialAction\":[{\"@type\":\"SearchAction\",\"target\":{\"@type\":\"EntryPoint\",\"urlTemplate\":\"https:\/\/shiawaves.com\/turkish\/?s={search_term_string}\"},\"query-input\":{\"@type\":\"PropertyValueSpecification\",\"valueRequired\":true,\"valueName\":\"search_term_string\"}}],\"inLanguage\":\"tr\"},{\"@type\":\"Person\",\"@id\":\"https:\/\/shiawaves.com\/turkish\/#\/schema\/person\/9f40fcff214dbf0bb18ce08533d2b3d8\",\"name\":\"Mehdi Adham\",\"image\":{\"@type\":\"ImageObject\",\"inLanguage\":\"tr\",\"@id\":\"https:\/\/shiawaves.com\/turkish\/#\/schema\/person\/image\/\",\"url\":\"https:\/\/secure.gravatar.com\/avatar\/6e765dedcfab8a106b55be64c882415eafe6c57e2ffa8d8ed89dc1a9e453af17?s=96&d=mm&r=g\",\"contentUrl\":\"https:\/\/secure.gravatar.com\/avatar\/6e765dedcfab8a106b55be64c882415eafe6c57e2ffa8d8ed89dc1a9e453af17?s=96&d=mm&r=g\",\"caption\":\"Mehdi Adham\"},\"url\":\"https:\/\/shiawaves.com\/turkish\/author\/jabbarzadeh\/\"}]}<\/script>\n<!-- \/ Yoast SEO plugin. -->","yoast_head_json":{"title":"Ayetullah \u015eirazi'nin \u015eam'daki Ofisinde Muharrem Ay\u0131n\u0131n \u0130lk 10 G\u00fcn\u00fc Merasimleri D\u00fczenlendi - ShiaWaves Turkish - \u015eia Haberleri","description":"Ayetullah Seyyid Sad\u0131k H\u00fcseyin \u015eirazi'nin Suriye\u2019nin \u015eam \u015fehrindeki ofisi, Hicri 1446 Muharrem ay\u0131n\u0131n ilk on g\u00fcn\u00fcnde matem merasimleri d\u00fczenledi.","robots":{"index":"index","follow":"follow","max-snippet":"max-snippet:-1","max-image-preview":"max-image-preview:large","max-video-preview":"max-video-preview:-1"},"canonical":"https:\/\/shiawaves.com\/turkish\/2024\/07\/27\/ayetullah-sirazinin-samdaki-ofisinde-muharrem-ayinin-ilk-10-gunu-merasimleri-duzenlendi\/","og_locale":"tr_TR","og_type":"article","og_title":"Ayetullah \u015eirazi'nin \u015eam'daki Ofisinde Muharrem Ay\u0131n\u0131n \u0130lk 10 G\u00fcn\u00fc Merasimleri D\u00fczenlendi - ShiaWaves Turkish - \u015eia Haberleri","og_description":"Ayetullah Seyyid Sad\u0131k H\u00fcseyin \u015eirazi'nin Suriye\u2019nin \u015eam \u015fehrindeki ofisi, Hicri 1446 Muharrem ay\u0131n\u0131n ilk on g\u00fcn\u00fcnde matem merasimleri d\u00fczenledi.","og_url":"https:\/\/shiawaves.com\/turkish\/2024\/07\/27\/ayetullah-sirazinin-samdaki-ofisinde-muharrem-ayinin-ilk-10-gunu-merasimleri-duzenlendi\/","og_site_name":"ShiaWaves Turkish - \u015eia Haberleri","article_published_time":"2024-07-27T09:02:00+00:00","article_modified_time":"2024-07-27T07:20:27+00:00","og_image":[{"width":800,"height":538,"url":"https:\/\/shiawaves.com\/turkish\/wp-content\/uploads\/sites\/6\/2024\/07\/\u06321.jpg","type":"image\/jpeg"}],"author":"Mehdi Adham","twitter_card":"summary_large_image","twitter_misc":{"Yazan:":"Mehdi Adham","Tahmini okuma s\u00fcresi":"1 dakika"},"schema":{"@context":"https:\/\/schema.org","@graph":[{"@type":"WebPage","@id":"https:\/\/shiawaves.com\/turkish\/2024\/07\/27\/ayetullah-sirazinin-samdaki-ofisinde-muharrem-ayinin-ilk-10-gunu-merasimleri-duzenlendi\/","url":"https:\/\/shiawaves.com\/turkish\/2024\/07\/27\/ayetullah-sirazinin-samdaki-ofisinde-muharrem-ayinin-ilk-10-gunu-merasimleri-duzenlendi\/","name":"Ayetullah \u015eirazi'nin \u015eam'daki Ofisinde Muharrem Ay\u0131n\u0131n \u0130lk 10 G\u00fcn\u00fc Merasimleri D\u00fczenlendi - ShiaWaves Turkish - \u015eia Haberleri","isPartOf":{"@id":"https:\/\/shiawaves.com\/turkish\/#website"},"primaryImageOfPage":{"@id":"https:\/\/shiawaves.com\/turkish\/2024\/07\/27\/ayetullah-sirazinin-samdaki-ofisinde-muharrem-ayinin-ilk-10-gunu-merasimleri-duzenlendi\/#primaryimage"},"image":{"@id":"https:\/\/shiawaves.com\/turkish\/2024\/07\/27\/ayetullah-sirazinin-samdaki-ofisinde-muharrem-ayinin-ilk-10-gunu-merasimleri-duzenlendi\/#primaryimage"},"thumbnailUrl":"https:\/\/shiawaves.com\/turkish\/wp-content\/uploads\/sites\/6\/2024\/07\/\u06321.jpg","datePublished":"2024-07-27T09:02:00+00:00","dateModified":"2024-07-27T07:20:27+00:00","author":{"@id":"https:\/\/shiawaves.com\/turkish\/#\/schema\/person\/9f40fcff214dbf0bb18ce08533d2b3d8"},"description":"Ayetullah Seyyid Sad\u0131k H\u00fcseyin \u015eirazi'nin Suriye\u2019nin \u015eam \u015fehrindeki ofisi, Hicri 1446 Muharrem ay\u0131n\u0131n ilk on g\u00fcn\u00fcnde matem merasimleri d\u00fczenledi.","breadcrumb":{"@id":"https:\/\/shiawaves.com\/turkish\/2024\/07\/27\/ayetullah-sirazinin-samdaki-ofisinde-muharrem-ayinin-ilk-10-gunu-merasimleri-duzenlendi\/#breadcrumb"},"inLanguage":"tr","potentialAction":[{"@type":"ReadAction","target":["https:\/\/shiawaves.com\/turkish\/2024\/07\/27\/ayetullah-sirazinin-samdaki-ofisinde-muharrem-ayinin-ilk-10-gunu-merasimleri-duzenlendi\/"]}]},{"@type":"ImageObject","inLanguage":"tr","@id":"https:\/\/shiawaves.com\/turkish\/2024\/07\/27\/ayetullah-sirazinin-samdaki-ofisinde-muharrem-ayinin-ilk-10-gunu-merasimleri-duzenlendi\/#primaryimage","url":"https:\/\/shiawaves.com\/turkish\/wp-content\/uploads\/sites\/6\/2024\/07\/\u06321.jpg","contentUrl":"https:\/\/shiawaves.com\/turkish\/wp-content\/uploads\/sites\/6\/2024\/07\/\u06321.jpg","width":800,"height":538},{"@type":"BreadcrumbList","@id":"https:\/\/shiawaves.com\/turkish\/2024\/07\/27\/ayetullah-sirazinin-samdaki-ofisinde-muharrem-ayinin-ilk-10-gunu-merasimleri-duzenlendi\/#breadcrumb","itemListElement":[{"@type":"ListItem","position":1,"name":"Home","item":"https:\/\/shiawaves.com\/turkish\/"},{"@type":"ListItem","position":2,"name":"Ayetullah \u015eirazi&#8217;nin \u015eam&#8217;daki Ofisinde Muharrem Ay\u0131n\u0131n \u0130lk 10 G\u00fcn\u00fc Merasimleri D\u00fczenlendi"}]},{"@type":"WebSite","@id":"https:\/\/shiawaves.com\/turkish\/#website","url":"https:\/\/shiawaves.com\/turkish\/","name":"ShiaWaves Turkish - \u015eia Haberleri","description":"","potentialAction":[{"@type":"SearchAction","target":{"@type":"EntryPoint","urlTemplate":"https:\/\/shiawaves.com\/turkish\/?s={search_term_string}"},"query-input":{"@type":"PropertyValueSpecification","valueRequired":true,"valueName":"search_term_string"}}],"inLanguage":"tr"},{"@type":"Person","@id":"https:\/\/shiawaves.com\/turkish\/#\/schema\/person\/9f40fcff214dbf0bb18ce08533d2b3d8","name":"Mehdi Adham","image":{"@type":"ImageObject","inLanguage":"tr","@id":"https:\/\/shiawaves.com\/turkish\/#\/schema\/person\/image\/","url":"https:\/\/secure.gravatar.com\/avatar\/6e765dedcfab8a106b55be64c882415eafe6c57e2ffa8d8ed89dc1a9e453af17?s=96&d=mm&r=g","contentUrl":"https:\/\/secure.gravatar.com\/avatar\/6e765dedcfab8a106b55be64c882415eafe6c57e2ffa8d8ed89dc1a9e453af17?s=96&d=mm&r=g","caption":"Mehdi Adham"},"url":"https:\/\/shiawaves.com\/turkish\/author\/jabbarzadeh\/"}]}},"_links":{"self":[{"href":"https:\/\/shiawaves.com\/turkish\/wp-json\/wp\/v2\/posts\/106615","targetHints":{"allow":["GET"]}}],"collection":[{"href":"https:\/\/shiawaves.com\/turkish\/wp-json\/wp\/v2\/posts"}],"about":[{"href":"https:\/\/shiawaves.com\/turkish\/wp-json\/wp\/v2\/types\/post"}],"author":[{"embeddable":true,"href":"https:\/\/shiawaves.com\/turkish\/wp-json\/wp\/v2\/users\/41"}],"replies":[{"embeddable":true,"href":"https:\/\/shiawaves.com\/turkish\/wp-json\/wp\/v2\/comments?post=106615"}],"version-history":[{"count":1,"href":"https:\/\/shiawaves.com\/turkish\/wp-json\/wp\/v2\/posts\/106615\/revisions"}],"predecessor-version":[{"id":106617,"href":"https:\/\/shiawaves.com\/turkish\/wp-json\/wp\/v2\/posts\/106615\/revisions\/106617"}],"wp:featuredmedia":[{"embeddable":true,"href":"https:\/\/shiawaves.com\/turkish\/wp-json\/wp\/v2\/media\/106616"}],"wp:attachment":[{"href":"https:\/\/shiawaves.com\/turkish\/wp-json\/wp\/v2\/media?parent=106615"}],"wp:term":[{"taxonomy":"category","embeddable":true,"href":"https:\/\/shiawaves.com\/turkish\/wp-json\/wp\/v2\/categories?post=106615"},{"taxonomy":"post_tag","embeddable":true,"href":"https:\/\/shiawaves.com\/turkish\/wp-json\/wp\/v2\/tags?post=106615"}],"curies":[{"name":"wp","href":"https:\/\/api.w.org\/{rel}","templated":true}]}}