{"id":106500,"date":"2024-07-22T10:00:00","date_gmt":"2024-07-22T07:00:00","guid":{"rendered":"https:\/\/shiawaves.com\/turkish\/?p=106500"},"modified":"2024-07-22T01:58:00","modified_gmt":"2024-07-21T22:58:00","slug":"ayetullah-sirazinin-ofisinin-halkla-iliskiler-sorumlusu-ile-kerbela-valisinin-asurayi-anma-merasimine-iliskin-gorusmesi","status":"publish","type":"post","link":"https:\/\/shiawaves.com\/turkish\/2024\/07\/22\/ayetullah-sirazinin-ofisinin-halkla-iliskiler-sorumlusu-ile-kerbela-valisinin-asurayi-anma-merasimine-iliskin-gorusmesi\/","title":{"rendered":"Ayetullah \u015eirazi&#8217;nin Ofisinin Halkla \u0130li\u015fkiler Sorumlusu \u0130le Kerbela Valisinin A\u015fura\u2019y\u0131 Anma Merasimine \u0130li\u015fkin G\u00f6r\u00fc\u015fmesi"},"content":{"rendered":"\n<p class=\"has-medium-font-size\">Ayetullah Seyyid Sad\u0131k H\u00fcseyni \u015eirazi&#8217;nin Kerbela&#8217;daki ofisinin halkla ili\u015fkiler sorumlusu, Kerbela Valisi M\u00fchendis Nasif Casim El Hattabi ile Mukaddes Kerbela \u015eehri\u2019nde A\u015fura g\u00fcn\u00fcn\u00fc anmayla ilgili g\u00f6r\u00fc\u015ft\u00fc.<\/p>\n\n\n\n<p>\u015eii haber ajans\u0131n\u0131n haberine g\u00f6re Seyid Arif Nasrallah, Kerbela Valisi ile yapt\u0131\u011f\u0131 bu g\u00f6r\u00fc\u015fmede, bu tarihi \u015fehrin ger\u00e7ekli\u011fini, ona dikkat edilmesi ve sayg\u0131 g\u00f6sterilmesi gerekti\u011fini ve bunlar\u0131n yan\u0131s\u0131ra \u015fehrin ihtiya\u00e7lar\u0131n\u0131 ve bu ihtiya\u00e7lar\u0131n giderilmesinden bahsetti. \u0130mam H\u00fcseyin (a.s)\u2019\u0131n zevvarlar\u0131n\u0131 a\u011f\u0131rlamak i\u00e7in H\u00fcseyni heyetlerin haz\u0131rland\u0131\u011f\u0131n\u0131 s\u00f6yledi.<\/p>\n\n\n\n<p>Bu g\u00f6r\u00fc\u015fmede kutsal Kerbela \u015fehrinin Hazreti \u0130mam H\u00fcseyin (a.s)\u2019a atfedildi\u011fine dikkat \u00e7ekerek, onun kalk\u0131nmas\u0131na ve ilerlemesine daha fazla \u00f6nem verilmesi ve bu topraklar\u0131n \u00f6rnek al\u0131n\u0131p manevi, dini ve tarihi kimli\u011fi tan\u0131man\u0131n yan\u0131 s\u0131ra, dinden uzakla\u015fma ve sapk\u0131n d\u00fc\u015f\u00fcnceleri yayma giri\u015fimlerinde bulunan az say\u0131daki insanlara kar\u015f\u0131 korunulmaya \u00e7al\u0131\u015f\u0131lmas\u0131 gerekti\u011fini vurgulad\u0131.<\/p>\n\n\n\n<p>Toplant\u0131da ayr\u0131ca Kerbela Uluslararas\u0131 Havaliman\u0131&#8217;n\u0131n yak\u0131nda a\u00e7\u0131lmas\u0131 ve a\u00e7\u0131ld\u0131ktan sonra zevvarlar\u0131n hizmetine sunulacak imkanlar, kutsal \u015fehir Kerbela&#8217;y\u0131 geli\u015ftirecek ekonomik sirk\u00fclasyon ve bu \u015fehrin insanlar\u0131na sa\u011flanacak gelirler ile bir\u00e7ok i\u015f olana\u011f\u0131 da g\u00f6r\u00fc\u015f\u00fcld\u00fc.<\/p>\n\n\n\n<p>Seyid Arif Nasrallah, El Hattabi ile g\u00f6r\u00fc\u015fmesinde, farkl\u0131 m\u00fcnasebetlerde Kerbela\u2019ya gelen milyonlarca ziyaret\u00e7i i\u00e7in gerekli tedbir ve kontrollerin al\u0131nmas\u0131n\u0131, hizmet, emniyet ve k\u00fclt\u00fcrel faaliyetler konusunda bir taraftan \u0130mam H\u00fcseyin (a.s)\u2019\u0131n Haremi\u2019nin di\u011fer taraftan da Hazreti Abbas (a.s)\u2019\u0131n Haremi\u2019nin devlet ile fazla i\u015fbirli\u011fi yapmas\u0131 gerekti\u011fini vurgulad\u0131.<\/p>\n\n\n\n<p>Kerbela Valisi M\u00fchendis Nassif Casim el-Hattabi de, Ayetullah Seyid Sad\u0131k H\u00fcseyni \u015eirazi&#8217;nin ba\u015fta Irak olmak \u00fczere d\u00fcnyan\u0131n her yerindeki M\u00fcsl\u00fcmanlara ve \u015eiilere hizmet etme konusundaki \u00f6zel \u00e7abalar\u0131na ve tevecc\u00fchlerine te\u015fekk\u00fcr etti.<\/p>\n","protected":false},"excerpt":{"rendered":"<p>Ayetullah Seyyid Sad\u0131k H\u00fcseyni \u015eirazi&#8217;nin Kerbela&#8217;daki ofisinin halkla ili\u015fkiler sorumlusu, Kerbela Valisi M\u00fchendis Nasif Casim El Hattabi ile Mukaddes Kerbela \u015eehri\u2019nde A\u015fura g\u00fcn\u00fcn\u00fc anmayla ilgili g\u00f6r\u00fc\u015ft\u00fc. \u015eii haber ajans\u0131n\u0131n haberine g\u00f6re Seyid Arif Nasrallah, Kerbela Valisi ile yapt\u0131\u011f\u0131 bu g\u00f6r\u00fc\u015fmede, bu tarihi \u015fehrin ger\u00e7ekli\u011fini, ona dikkat edilmesi ve sayg\u0131 g\u00f6sterilmesi gerekti\u011fini ve bunlar\u0131n yan\u0131s\u0131ra \u015fehrin &hellip;<\/p>\n","protected":false},"author":41,"featured_media":106501,"comment_status":"open","ping_status":"open","sticky":false,"template":"","format":"standard","meta":{"rop_custom_images_group":[],"rop_custom_messages_group":[],"rop_publish_now":"initial","rop_publish_now_accounts":[],"rop_publish_now_history":[],"rop_publish_now_status":"pending","footnotes":""},"categories":[26],"tags":[49,204,179,180,340],"class_list":["post-106500","post","type-post","status-publish","format-standard","has-post-thumbnail","hentry","category-marjaeyat","tag-grand-ayatollah-shirazi","tag-hazreti-abbas","tag-hazreti-imam-huseyin","tag-kerbela","tag-sirazi"],"_wp_page_template":null,"_wp_attached_file":null,"_wp_attachment_metadata":null,"_edit_lock":"1721602680:41","yoast_head":"<!-- This site is optimized with the Yoast SEO plugin v24.3 - https:\/\/yoast.com\/wordpress\/plugins\/seo\/ -->\n<title>Ayetullah \u015eirazi&#039;nin Ofisinin Halkla \u0130li\u015fkiler Sorumlusu \u0130le Kerbela Valisinin A\u015fura\u2019y\u0131 Anma Merasimine \u0130li\u015fkin G\u00f6r\u00fc\u015fmesi - ShiaWaves Turkish - \u015eia Haberleri<\/title>\n<meta name=\"description\" content=\"Ayetullah Seyyid Sad\u0131k H\u00fcseyni \u015eirazi&#039;nin Kerbela&#039;daki ofisinin halkla ili\u015fkiler sorumlusu, Kerbela Valisi M\u00fchendis Nasif Casim El Hattabi ile Mukaddes Kerbela \u015eehri\u2019nde A\u015fura g\u00fcn\u00fcn\u00fc anmayla ilgili g\u00f6r\u00fc\u015ft\u00fc.\" \/>\n<meta name=\"robots\" content=\"index, follow, max-snippet:-1, max-image-preview:large, max-video-preview:-1\" \/>\n<link rel=\"canonical\" href=\"https:\/\/shiawaves.com\/turkish\/2024\/07\/22\/ayetullah-sirazinin-ofisinin-halkla-iliskiler-sorumlusu-ile-kerbela-valisinin-asurayi-anma-merasimine-iliskin-gorusmesi\/\" \/>\n<meta property=\"og:locale\" content=\"tr_TR\" \/>\n<meta property=\"og:type\" content=\"article\" \/>\n<meta property=\"og:title\" content=\"Ayetullah \u015eirazi&#039;nin Ofisinin Halkla \u0130li\u015fkiler Sorumlusu \u0130le Kerbela Valisinin A\u015fura\u2019y\u0131 Anma Merasimine \u0130li\u015fkin G\u00f6r\u00fc\u015fmesi - ShiaWaves Turkish - \u015eia Haberleri\" \/>\n<meta property=\"og:description\" content=\"Ayetullah Seyyid Sad\u0131k H\u00fcseyni \u015eirazi&#039;nin Kerbela&#039;daki ofisinin halkla ili\u015fkiler sorumlusu, Kerbela Valisi M\u00fchendis Nasif Casim El Hattabi ile Mukaddes Kerbela \u015eehri\u2019nde A\u015fura g\u00fcn\u00fcn\u00fc anmayla ilgili g\u00f6r\u00fc\u015ft\u00fc.\" \/>\n<meta property=\"og:url\" content=\"https:\/\/shiawaves.com\/turkish\/2024\/07\/22\/ayetullah-sirazinin-ofisinin-halkla-iliskiler-sorumlusu-ile-kerbela-valisinin-asurayi-anma-merasimine-iliskin-gorusmesi\/\" \/>\n<meta property=\"og:site_name\" content=\"ShiaWaves Turkish - \u015eia Haberleri\" \/>\n<meta property=\"article:published_time\" content=\"2024-07-22T07:00:00+00:00\" \/>\n<meta property=\"article:modified_time\" content=\"2024-07-21T22:58:00+00:00\" \/>\n<meta property=\"og:image\" content=\"https:\/\/shiawaves.com\/turkish\/wp-content\/uploads\/sites\/6\/2024\/07\/3.jpg\" \/>\n\t<meta property=\"og:image:width\" content=\"1280\" \/>\n\t<meta property=\"og:image:height\" content=\"1206\" \/>\n\t<meta property=\"og:image:type\" content=\"image\/jpeg\" \/>\n<meta name=\"author\" content=\"Mehdi Adham\" \/>\n<meta name=\"twitter:card\" content=\"summary_large_image\" \/>\n<meta name=\"twitter:label1\" content=\"Yazan:\" \/>\n\t<meta name=\"twitter:data1\" content=\"Mehdi Adham\" \/>\n\t<meta name=\"twitter:label2\" content=\"Tahmini okuma s\u00fcresi\" \/>\n\t<meta name=\"twitter:data2\" content=\"2 dakika\" \/>\n<script type=\"application\/ld+json\" class=\"yoast-schema-graph\">{\"@context\":\"https:\/\/schema.org\",\"@graph\":[{\"@type\":\"WebPage\",\"@id\":\"https:\/\/shiawaves.com\/turkish\/2024\/07\/22\/ayetullah-sirazinin-ofisinin-halkla-iliskiler-sorumlusu-ile-kerbela-valisinin-asurayi-anma-merasimine-iliskin-gorusmesi\/\",\"url\":\"https:\/\/shiawaves.com\/turkish\/2024\/07\/22\/ayetullah-sirazinin-ofisinin-halkla-iliskiler-sorumlusu-ile-kerbela-valisinin-asurayi-anma-merasimine-iliskin-gorusmesi\/\",\"name\":\"Ayetullah \u015eirazi'nin Ofisinin Halkla \u0130li\u015fkiler Sorumlusu \u0130le Kerbela Valisinin A\u015fura\u2019y\u0131 Anma Merasimine \u0130li\u015fkin G\u00f6r\u00fc\u015fmesi - ShiaWaves Turkish - \u015eia Haberleri\",\"isPartOf\":{\"@id\":\"https:\/\/shiawaves.com\/turkish\/#website\"},\"primaryImageOfPage\":{\"@id\":\"https:\/\/shiawaves.com\/turkish\/2024\/07\/22\/ayetullah-sirazinin-ofisinin-halkla-iliskiler-sorumlusu-ile-kerbela-valisinin-asurayi-anma-merasimine-iliskin-gorusmesi\/#primaryimage\"},\"image\":{\"@id\":\"https:\/\/shiawaves.com\/turkish\/2024\/07\/22\/ayetullah-sirazinin-ofisinin-halkla-iliskiler-sorumlusu-ile-kerbela-valisinin-asurayi-anma-merasimine-iliskin-gorusmesi\/#primaryimage\"},\"thumbnailUrl\":\"https:\/\/shiawaves.com\/turkish\/wp-content\/uploads\/sites\/6\/2024\/07\/3.jpg\",\"datePublished\":\"2024-07-22T07:00:00+00:00\",\"dateModified\":\"2024-07-21T22:58:00+00:00\",\"author\":{\"@id\":\"https:\/\/shiawaves.com\/turkish\/#\/schema\/person\/9f40fcff214dbf0bb18ce08533d2b3d8\"},\"description\":\"Ayetullah Seyyid Sad\u0131k H\u00fcseyni \u015eirazi'nin Kerbela'daki ofisinin halkla ili\u015fkiler sorumlusu, Kerbela Valisi M\u00fchendis Nasif Casim El Hattabi ile Mukaddes Kerbela \u015eehri\u2019nde A\u015fura g\u00fcn\u00fcn\u00fc anmayla ilgili g\u00f6r\u00fc\u015ft\u00fc.\",\"breadcrumb\":{\"@id\":\"https:\/\/shiawaves.com\/turkish\/2024\/07\/22\/ayetullah-sirazinin-ofisinin-halkla-iliskiler-sorumlusu-ile-kerbela-valisinin-asurayi-anma-merasimine-iliskin-gorusmesi\/#breadcrumb\"},\"inLanguage\":\"tr\",\"potentialAction\":[{\"@type\":\"ReadAction\",\"target\":[\"https:\/\/shiawaves.com\/turkish\/2024\/07\/22\/ayetullah-sirazinin-ofisinin-halkla-iliskiler-sorumlusu-ile-kerbela-valisinin-asurayi-anma-merasimine-iliskin-gorusmesi\/\"]}]},{\"@type\":\"ImageObject\",\"inLanguage\":\"tr\",\"@id\":\"https:\/\/shiawaves.com\/turkish\/2024\/07\/22\/ayetullah-sirazinin-ofisinin-halkla-iliskiler-sorumlusu-ile-kerbela-valisinin-asurayi-anma-merasimine-iliskin-gorusmesi\/#primaryimage\",\"url\":\"https:\/\/shiawaves.com\/turkish\/wp-content\/uploads\/sites\/6\/2024\/07\/3.jpg\",\"contentUrl\":\"https:\/\/shiawaves.com\/turkish\/wp-content\/uploads\/sites\/6\/2024\/07\/3.jpg\",\"width\":1280,\"height\":1206},{\"@type\":\"BreadcrumbList\",\"@id\":\"https:\/\/shiawaves.com\/turkish\/2024\/07\/22\/ayetullah-sirazinin-ofisinin-halkla-iliskiler-sorumlusu-ile-kerbela-valisinin-asurayi-anma-merasimine-iliskin-gorusmesi\/#breadcrumb\",\"itemListElement\":[{\"@type\":\"ListItem\",\"position\":1,\"name\":\"Home\",\"item\":\"https:\/\/shiawaves.com\/turkish\/\"},{\"@type\":\"ListItem\",\"position\":2,\"name\":\"Ayetullah \u015eirazi&#8217;nin Ofisinin Halkla \u0130li\u015fkiler Sorumlusu \u0130le Kerbela Valisinin A\u015fura\u2019y\u0131 Anma Merasimine \u0130li\u015fkin G\u00f6r\u00fc\u015fmesi\"}]},{\"@type\":\"WebSite\",\"@id\":\"https:\/\/shiawaves.com\/turkish\/#website\",\"url\":\"https:\/\/shiawaves.com\/turkish\/\",\"name\":\"ShiaWaves Turkish - \u015eia Haberleri\",\"description\":\"\",\"potentialAction\":[{\"@type\":\"SearchAction\",\"target\":{\"@type\":\"EntryPoint\",\"urlTemplate\":\"https:\/\/shiawaves.com\/turkish\/?s={search_term_string}\"},\"query-input\":{\"@type\":\"PropertyValueSpecification\",\"valueRequired\":true,\"valueName\":\"search_term_string\"}}],\"inLanguage\":\"tr\"},{\"@type\":\"Person\",\"@id\":\"https:\/\/shiawaves.com\/turkish\/#\/schema\/person\/9f40fcff214dbf0bb18ce08533d2b3d8\",\"name\":\"Mehdi Adham\",\"image\":{\"@type\":\"ImageObject\",\"inLanguage\":\"tr\",\"@id\":\"https:\/\/shiawaves.com\/turkish\/#\/schema\/person\/image\/\",\"url\":\"https:\/\/secure.gravatar.com\/avatar\/6e765dedcfab8a106b55be64c882415eafe6c57e2ffa8d8ed89dc1a9e453af17?s=96&d=mm&r=g\",\"contentUrl\":\"https:\/\/secure.gravatar.com\/avatar\/6e765dedcfab8a106b55be64c882415eafe6c57e2ffa8d8ed89dc1a9e453af17?s=96&d=mm&r=g\",\"caption\":\"Mehdi Adham\"},\"url\":\"https:\/\/shiawaves.com\/turkish\/author\/jabbarzadeh\/\"}]}<\/script>\n<!-- \/ Yoast SEO plugin. -->","yoast_head_json":{"title":"Ayetullah \u015eirazi'nin Ofisinin Halkla \u0130li\u015fkiler Sorumlusu \u0130le Kerbela Valisinin A\u015fura\u2019y\u0131 Anma Merasimine \u0130li\u015fkin G\u00f6r\u00fc\u015fmesi - ShiaWaves Turkish - \u015eia Haberleri","description":"Ayetullah Seyyid Sad\u0131k H\u00fcseyni \u015eirazi'nin Kerbela'daki ofisinin halkla ili\u015fkiler sorumlusu, Kerbela Valisi M\u00fchendis Nasif Casim El Hattabi ile Mukaddes Kerbela \u015eehri\u2019nde A\u015fura g\u00fcn\u00fcn\u00fc anmayla ilgili g\u00f6r\u00fc\u015ft\u00fc.","robots":{"index":"index","follow":"follow","max-snippet":"max-snippet:-1","max-image-preview":"max-image-preview:large","max-video-preview":"max-video-preview:-1"},"canonical":"https:\/\/shiawaves.com\/turkish\/2024\/07\/22\/ayetullah-sirazinin-ofisinin-halkla-iliskiler-sorumlusu-ile-kerbela-valisinin-asurayi-anma-merasimine-iliskin-gorusmesi\/","og_locale":"tr_TR","og_type":"article","og_title":"Ayetullah \u015eirazi'nin Ofisinin Halkla \u0130li\u015fkiler Sorumlusu \u0130le Kerbela Valisinin A\u015fura\u2019y\u0131 Anma Merasimine \u0130li\u015fkin G\u00f6r\u00fc\u015fmesi - ShiaWaves Turkish - \u015eia Haberleri","og_description":"Ayetullah Seyyid Sad\u0131k H\u00fcseyni \u015eirazi'nin Kerbela'daki ofisinin halkla ili\u015fkiler sorumlusu, Kerbela Valisi M\u00fchendis Nasif Casim El Hattabi ile Mukaddes Kerbela \u015eehri\u2019nde A\u015fura g\u00fcn\u00fcn\u00fc anmayla ilgili g\u00f6r\u00fc\u015ft\u00fc.","og_url":"https:\/\/shiawaves.com\/turkish\/2024\/07\/22\/ayetullah-sirazinin-ofisinin-halkla-iliskiler-sorumlusu-ile-kerbela-valisinin-asurayi-anma-merasimine-iliskin-gorusmesi\/","og_site_name":"ShiaWaves Turkish - \u015eia Haberleri","article_published_time":"2024-07-22T07:00:00+00:00","article_modified_time":"2024-07-21T22:58:00+00:00","og_image":[{"width":1280,"height":1206,"url":"https:\/\/shiawaves.com\/turkish\/wp-content\/uploads\/sites\/6\/2024\/07\/3.jpg","type":"image\/jpeg"}],"author":"Mehdi Adham","twitter_card":"summary_large_image","twitter_misc":{"Yazan:":"Mehdi Adham","Tahmini okuma s\u00fcresi":"2 dakika"},"schema":{"@context":"https:\/\/schema.org","@graph":[{"@type":"WebPage","@id":"https:\/\/shiawaves.com\/turkish\/2024\/07\/22\/ayetullah-sirazinin-ofisinin-halkla-iliskiler-sorumlusu-ile-kerbela-valisinin-asurayi-anma-merasimine-iliskin-gorusmesi\/","url":"https:\/\/shiawaves.com\/turkish\/2024\/07\/22\/ayetullah-sirazinin-ofisinin-halkla-iliskiler-sorumlusu-ile-kerbela-valisinin-asurayi-anma-merasimine-iliskin-gorusmesi\/","name":"Ayetullah \u015eirazi'nin Ofisinin Halkla \u0130li\u015fkiler Sorumlusu \u0130le Kerbela Valisinin A\u015fura\u2019y\u0131 Anma Merasimine \u0130li\u015fkin G\u00f6r\u00fc\u015fmesi - ShiaWaves Turkish - \u015eia Haberleri","isPartOf":{"@id":"https:\/\/shiawaves.com\/turkish\/#website"},"primaryImageOfPage":{"@id":"https:\/\/shiawaves.com\/turkish\/2024\/07\/22\/ayetullah-sirazinin-ofisinin-halkla-iliskiler-sorumlusu-ile-kerbela-valisinin-asurayi-anma-merasimine-iliskin-gorusmesi\/#primaryimage"},"image":{"@id":"https:\/\/shiawaves.com\/turkish\/2024\/07\/22\/ayetullah-sirazinin-ofisinin-halkla-iliskiler-sorumlusu-ile-kerbela-valisinin-asurayi-anma-merasimine-iliskin-gorusmesi\/#primaryimage"},"thumbnailUrl":"https:\/\/shiawaves.com\/turkish\/wp-content\/uploads\/sites\/6\/2024\/07\/3.jpg","datePublished":"2024-07-22T07:00:00+00:00","dateModified":"2024-07-21T22:58:00+00:00","author":{"@id":"https:\/\/shiawaves.com\/turkish\/#\/schema\/person\/9f40fcff214dbf0bb18ce08533d2b3d8"},"description":"Ayetullah Seyyid Sad\u0131k H\u00fcseyni \u015eirazi'nin Kerbela'daki ofisinin halkla ili\u015fkiler sorumlusu, Kerbela Valisi M\u00fchendis Nasif Casim El Hattabi ile Mukaddes Kerbela \u015eehri\u2019nde A\u015fura g\u00fcn\u00fcn\u00fc anmayla ilgili g\u00f6r\u00fc\u015ft\u00fc.","breadcrumb":{"@id":"https:\/\/shiawaves.com\/turkish\/2024\/07\/22\/ayetullah-sirazinin-ofisinin-halkla-iliskiler-sorumlusu-ile-kerbela-valisinin-asurayi-anma-merasimine-iliskin-gorusmesi\/#breadcrumb"},"inLanguage":"tr","potentialAction":[{"@type":"ReadAction","target":["https:\/\/shiawaves.com\/turkish\/2024\/07\/22\/ayetullah-sirazinin-ofisinin-halkla-iliskiler-sorumlusu-ile-kerbela-valisinin-asurayi-anma-merasimine-iliskin-gorusmesi\/"]}]},{"@type":"ImageObject","inLanguage":"tr","@id":"https:\/\/shiawaves.com\/turkish\/2024\/07\/22\/ayetullah-sirazinin-ofisinin-halkla-iliskiler-sorumlusu-ile-kerbela-valisinin-asurayi-anma-merasimine-iliskin-gorusmesi\/#primaryimage","url":"https:\/\/shiawaves.com\/turkish\/wp-content\/uploads\/sites\/6\/2024\/07\/3.jpg","contentUrl":"https:\/\/shiawaves.com\/turkish\/wp-content\/uploads\/sites\/6\/2024\/07\/3.jpg","width":1280,"height":1206},{"@type":"BreadcrumbList","@id":"https:\/\/shiawaves.com\/turkish\/2024\/07\/22\/ayetullah-sirazinin-ofisinin-halkla-iliskiler-sorumlusu-ile-kerbela-valisinin-asurayi-anma-merasimine-iliskin-gorusmesi\/#breadcrumb","itemListElement":[{"@type":"ListItem","position":1,"name":"Home","item":"https:\/\/shiawaves.com\/turkish\/"},{"@type":"ListItem","position":2,"name":"Ayetullah \u015eirazi&#8217;nin Ofisinin Halkla \u0130li\u015fkiler Sorumlusu \u0130le Kerbela Valisinin A\u015fura\u2019y\u0131 Anma Merasimine \u0130li\u015fkin G\u00f6r\u00fc\u015fmesi"}]},{"@type":"WebSite","@id":"https:\/\/shiawaves.com\/turkish\/#website","url":"https:\/\/shiawaves.com\/turkish\/","name":"ShiaWaves Turkish - \u015eia Haberleri","description":"","potentialAction":[{"@type":"SearchAction","target":{"@type":"EntryPoint","urlTemplate":"https:\/\/shiawaves.com\/turkish\/?s={search_term_string}"},"query-input":{"@type":"PropertyValueSpecification","valueRequired":true,"valueName":"search_term_string"}}],"inLanguage":"tr"},{"@type":"Person","@id":"https:\/\/shiawaves.com\/turkish\/#\/schema\/person\/9f40fcff214dbf0bb18ce08533d2b3d8","name":"Mehdi Adham","image":{"@type":"ImageObject","inLanguage":"tr","@id":"https:\/\/shiawaves.com\/turkish\/#\/schema\/person\/image\/","url":"https:\/\/secure.gravatar.com\/avatar\/6e765dedcfab8a106b55be64c882415eafe6c57e2ffa8d8ed89dc1a9e453af17?s=96&d=mm&r=g","contentUrl":"https:\/\/secure.gravatar.com\/avatar\/6e765dedcfab8a106b55be64c882415eafe6c57e2ffa8d8ed89dc1a9e453af17?s=96&d=mm&r=g","caption":"Mehdi Adham"},"url":"https:\/\/shiawaves.com\/turkish\/author\/jabbarzadeh\/"}]}},"_links":{"self":[{"href":"https:\/\/shiawaves.com\/turkish\/wp-json\/wp\/v2\/posts\/106500","targetHints":{"allow":["GET"]}}],"collection":[{"href":"https:\/\/shiawaves.com\/turkish\/wp-json\/wp\/v2\/posts"}],"about":[{"href":"https:\/\/shiawaves.com\/turkish\/wp-json\/wp\/v2\/types\/post"}],"author":[{"embeddable":true,"href":"https:\/\/shiawaves.com\/turkish\/wp-json\/wp\/v2\/users\/41"}],"replies":[{"embeddable":true,"href":"https:\/\/shiawaves.com\/turkish\/wp-json\/wp\/v2\/comments?post=106500"}],"version-history":[{"count":1,"href":"https:\/\/shiawaves.com\/turkish\/wp-json\/wp\/v2\/posts\/106500\/revisions"}],"predecessor-version":[{"id":106502,"href":"https:\/\/shiawaves.com\/turkish\/wp-json\/wp\/v2\/posts\/106500\/revisions\/106502"}],"wp:featuredmedia":[{"embeddable":true,"href":"https:\/\/shiawaves.com\/turkish\/wp-json\/wp\/v2\/media\/106501"}],"wp:attachment":[{"href":"https:\/\/shiawaves.com\/turkish\/wp-json\/wp\/v2\/media?parent=106500"}],"wp:term":[{"taxonomy":"category","embeddable":true,"href":"https:\/\/shiawaves.com\/turkish\/wp-json\/wp\/v2\/categories?post=106500"},{"taxonomy":"post_tag","embeddable":true,"href":"https:\/\/shiawaves.com\/turkish\/wp-json\/wp\/v2\/tags?post=106500"}],"curies":[{"name":"wp","href":"https:\/\/api.w.org\/{rel}","templated":true}]}}