{"id":106492,"date":"2024-07-21T11:00:00","date_gmt":"2024-07-21T08:00:00","guid":{"rendered":"https:\/\/shiawaves.com\/turkish\/?p=106492"},"modified":"2024-07-21T01:54:59","modified_gmt":"2024-07-20T22:54:59","slug":"sarpolda-muharrem-merasimine-saldiri-merasimde-yedi-kisi-yaralandi","status":"publish","type":"post","link":"https:\/\/shiawaves.com\/turkish\/2024\/07\/21\/sarpolda-muharrem-merasimine-saldiri-merasimde-yedi-kisi-yaralandi\/","title":{"rendered":"Sarpol&#8217;da Muharrem Merasimine Sald\u0131r\u0131; Merasimde Yedi Ki\u015fi Yaraland\u0131"},"content":{"rendered":"\n<p>Sarpol kentinde Muharrem ay\u0131n\u0131n 13. g\u00fcn\u00fcne e\u015f zamanl\u0131 olarak, yerel ad\u0131yla Sakkahane olarak adland\u0131r\u0131lan b\u00f6lgese yas tutanlara \u015ferbet da\u011f\u0131tma merasimine motosikletli bir ki\u015fi el bombas\u0131yla sald\u0131rd\u0131.<\/p>\n\n\n\n<p>Devam\u0131n\u0131 oku \ud83d\udc47\ud83c\udffb<\/p>\n\n\n\n<p>Afganistan&#8217;\u0131n kuzeyindeki Sarpol vilayetindeki kaynaklar, A\u015fura t\u00f6renine kat\u0131lanlara el bombas\u0131 at\u0131lmas\u0131 sonucu en az yedi ki\u015finin yaraland\u0131\u011f\u0131n\u0131 s\u00f6yledi.<\/p>\n\n\n\n<p>Olayda yaralananlar\u0131n Sarpol hastanesine kald\u0131r\u0131ld\u0131\u011f\u0131 belirtildi.<\/p>\n\n\n\n<p>Bu kaynaklara g\u00f6re, 19 Temmuz Cuma g\u00fcn\u00fc \u00f6\u011fle saatlerinde kimli\u011fi belirsiz bir ki\u015fi, A\u015fura matemine kat\u0131lanlar\u0131n bulundu\u011fu \u00e7ad\u0131ra el bombas\u0131 att\u0131.<\/p>\n\n\n\n<p>Bu \u00e7ad\u0131r Sarpol vilayetinin merkezinde bulunan Tevhid Abad b\u00f6lgesinde kuruldu.<\/p>\n\n\n\n<p>Kaynaklara g\u00f6re, motosiklete binen sald\u0131rgan, \u0130mam H\u00fcseyin (a.s)\u2019\u0131n merasimine kat\u0131l\u0131p \u015ferbet da\u011f\u0131tanlara el bombas\u0131 atarak ka\u00e7t\u0131.<\/p>\n\n\n\n<p>\u015eu ana kadar bu sald\u0131r\u0131y\u0131 hi\u00e7bir ki\u015fi veya grup \u00fcstlenmedi ve Sarpol&#8217;deki yerel Taliban yetkilileri bu konuda medyaya herhangi bir a\u00e7\u0131klama yapmad\u0131.<\/p>\n\n\n\n<p>Bu patlama, Taliban d\u0131\u015fi\u015fleri bakan\u0131n\u0131n Afganistan&#8217;da Muharrem&#8217;in sorunsuz bir \u015fekilde ge\u00e7irilmesinden bahsetti\u011fi s\u0131rada meydana geldi.<\/p>\n\n\n\n<p>Bu y\u0131lki A\u015fura t\u00f6renlerinin k\u0131s\u0131tlamalar ve Taliban&#8217;\u0131n bask\u0131n muhalefetinin e\u015fli\u011finde ge\u00e7irildi\u011fini belirtmek gerekir.<\/p>\n\n\n\n<p>Taliban, ba\u015fta Kabil, Gazne ve Herat olmak \u00fczere \u00e7e\u015fitli illerde A\u015fura bayraklar\u0131n\u0131 indirdi ve \u015eiilerin matem merasimlerine \u015fiddetli m\u00fcdahaleler de bulundu.<\/p>\n\n\n\n<p>Ancak Herat ve Kabil&#8217;de H\u00fcseyin&#8217;i yas tutanlar, Lebbeyk Ya H\u00fcseyin sloganlar\u0131yla Taliban&#8217;\u0131n bu eylemini geni\u015f \u00e7apta protesto ederek \u00e7e\u015fitli b\u00f6lgelerde \u0130mam H\u00fcseyin (a.s)\u2019\u0131n matem bayraklar\u0131n\u0131n indirilmesini engelledi.<\/p>\n\n\n\n<p>Bundan \u00f6nce Herat&#8217;tan gelen g\u00fcvenilir kaynaklar, Taliban&#8217;\u0131n 11 Temmuz Per\u015fembe g\u00fcn\u00fc bu ilin Cebrail kasabas\u0131nda iki \u00e7ocuk babas\u0131 \u015eii bir genci \u00f6ld\u00fcrd\u00fc\u011f\u00fcn\u00fc do\u011frulam\u0131\u015ft\u0131.<\/p>\n","protected":false},"excerpt":{"rendered":"<p>Sarpol kentinde Muharrem ay\u0131n\u0131n 13. g\u00fcn\u00fcne e\u015f zamanl\u0131 olarak, yerel ad\u0131yla Sakkahane olarak adland\u0131r\u0131lan b\u00f6lgese yas tutanlara \u015ferbet da\u011f\u0131tma merasimine motosikletli bir ki\u015fi el bombas\u0131yla sald\u0131rd\u0131. Devam\u0131n\u0131 oku \ud83d\udc47\ud83c\udffb Afganistan&#8217;\u0131n kuzeyindeki Sarpol vilayetindeki kaynaklar, A\u015fura t\u00f6renine kat\u0131lanlara el bombas\u0131 at\u0131lmas\u0131 sonucu en az yedi ki\u015finin yaraland\u0131\u011f\u0131n\u0131 s\u00f6yledi. Olayda yaralananlar\u0131n Sarpol hastanesine kald\u0131r\u0131ld\u0131\u011f\u0131 belirtildi. Bu kaynaklara &hellip;<\/p>\n","protected":false},"author":41,"featured_media":106493,"comment_status":"open","ping_status":"open","sticky":false,"template":"","format":"standard","meta":{"rop_custom_images_group":[],"rop_custom_messages_group":[],"rop_publish_now":"initial","rop_publish_now_accounts":[],"rop_publish_now_history":[],"rop_publish_now_status":"pending","footnotes":""},"categories":[9],"tags":[203,328,329,330,149],"class_list":["post-106492","post","type-post","status-publish","format-standard","has-post-thumbnail","hentry","category-iran","tag-asura","tag-el-bombasi-saldirisi","tag-muharrem-merasimi","tag-sarpol","tag-taliban"],"_wp_page_template":null,"_wp_attached_file":null,"_wp_attachment_metadata":null,"_edit_lock":"1721516100:41","yoast_head":"<!-- This site is optimized with the Yoast SEO plugin v24.3 - https:\/\/yoast.com\/wordpress\/plugins\/seo\/ -->\n<title>Sarpol&#039;da Muharrem Merasimine Sald\u0131r\u0131; Merasimde Yedi Ki\u015fi Yaraland\u0131 - ShiaWaves Turkish - \u015eia Haberleri<\/title>\n<meta name=\"description\" content=\"Sarpol kentinde Muharrem ay\u0131n\u0131n 13. g\u00fcn\u00fcne e\u015f zamanl\u0131 olarak, yerel ad\u0131yla Sakkahane olarak adland\u0131r\u0131lan b\u00f6lgese yas tutanlara \u015ferbet da\u011f\u0131tma merasimine motosikletli bir ki\u015fi el bombas\u0131yla sald\u0131rd\u0131.\" \/>\n<meta name=\"robots\" content=\"index, follow, max-snippet:-1, max-image-preview:large, max-video-preview:-1\" \/>\n<link rel=\"canonical\" href=\"https:\/\/shiawaves.com\/turkish\/2024\/07\/21\/sarpolda-muharrem-merasimine-saldiri-merasimde-yedi-kisi-yaralandi\/\" \/>\n<meta property=\"og:locale\" content=\"tr_TR\" \/>\n<meta property=\"og:type\" content=\"article\" \/>\n<meta property=\"og:title\" content=\"Sarpol&#039;da Muharrem Merasimine Sald\u0131r\u0131; Merasimde Yedi Ki\u015fi Yaraland\u0131 - ShiaWaves Turkish - \u015eia Haberleri\" \/>\n<meta property=\"og:description\" content=\"Sarpol kentinde Muharrem ay\u0131n\u0131n 13. g\u00fcn\u00fcne e\u015f zamanl\u0131 olarak, yerel ad\u0131yla Sakkahane olarak adland\u0131r\u0131lan b\u00f6lgese yas tutanlara \u015ferbet da\u011f\u0131tma merasimine motosikletli bir ki\u015fi el bombas\u0131yla sald\u0131rd\u0131.\" \/>\n<meta property=\"og:url\" content=\"https:\/\/shiawaves.com\/turkish\/2024\/07\/21\/sarpolda-muharrem-merasimine-saldiri-merasimde-yedi-kisi-yaralandi\/\" \/>\n<meta property=\"og:site_name\" content=\"ShiaWaves Turkish - \u015eia Haberleri\" \/>\n<meta property=\"article:published_time\" content=\"2024-07-21T08:00:00+00:00\" \/>\n<meta property=\"article:modified_time\" content=\"2024-07-20T22:54:59+00:00\" \/>\n<meta property=\"og:image\" content=\"https:\/\/shiawaves.com\/turkish\/wp-content\/uploads\/sites\/6\/2024\/07\/3bcdda71-421f-427f-8d30-c8be032fc5b2.jpg\" \/>\n\t<meta property=\"og:image:width\" content=\"1200\" \/>\n\t<meta property=\"og:image:height\" content=\"630\" \/>\n\t<meta property=\"og:image:type\" content=\"image\/jpeg\" \/>\n<meta name=\"author\" content=\"Mehdi Adham\" \/>\n<meta name=\"twitter:card\" content=\"summary_large_image\" \/>\n<meta name=\"twitter:label1\" content=\"Yazan:\" \/>\n\t<meta name=\"twitter:data1\" content=\"Mehdi Adham\" \/>\n\t<meta name=\"twitter:label2\" content=\"Tahmini okuma s\u00fcresi\" \/>\n\t<meta name=\"twitter:data2\" content=\"2 dakika\" \/>\n<script type=\"application\/ld+json\" class=\"yoast-schema-graph\">{\"@context\":\"https:\/\/schema.org\",\"@graph\":[{\"@type\":\"WebPage\",\"@id\":\"https:\/\/shiawaves.com\/turkish\/2024\/07\/21\/sarpolda-muharrem-merasimine-saldiri-merasimde-yedi-kisi-yaralandi\/\",\"url\":\"https:\/\/shiawaves.com\/turkish\/2024\/07\/21\/sarpolda-muharrem-merasimine-saldiri-merasimde-yedi-kisi-yaralandi\/\",\"name\":\"Sarpol'da Muharrem Merasimine Sald\u0131r\u0131; Merasimde Yedi Ki\u015fi Yaraland\u0131 - ShiaWaves Turkish - \u015eia Haberleri\",\"isPartOf\":{\"@id\":\"https:\/\/shiawaves.com\/turkish\/#website\"},\"primaryImageOfPage\":{\"@id\":\"https:\/\/shiawaves.com\/turkish\/2024\/07\/21\/sarpolda-muharrem-merasimine-saldiri-merasimde-yedi-kisi-yaralandi\/#primaryimage\"},\"image\":{\"@id\":\"https:\/\/shiawaves.com\/turkish\/2024\/07\/21\/sarpolda-muharrem-merasimine-saldiri-merasimde-yedi-kisi-yaralandi\/#primaryimage\"},\"thumbnailUrl\":\"https:\/\/shiawaves.com\/turkish\/wp-content\/uploads\/sites\/6\/2024\/07\/3bcdda71-421f-427f-8d30-c8be032fc5b2.jpg\",\"datePublished\":\"2024-07-21T08:00:00+00:00\",\"dateModified\":\"2024-07-20T22:54:59+00:00\",\"author\":{\"@id\":\"https:\/\/shiawaves.com\/turkish\/#\/schema\/person\/9f40fcff214dbf0bb18ce08533d2b3d8\"},\"description\":\"Sarpol kentinde Muharrem ay\u0131n\u0131n 13. g\u00fcn\u00fcne e\u015f zamanl\u0131 olarak, yerel ad\u0131yla Sakkahane olarak adland\u0131r\u0131lan b\u00f6lgese yas tutanlara \u015ferbet da\u011f\u0131tma merasimine motosikletli bir ki\u015fi el bombas\u0131yla sald\u0131rd\u0131.\",\"breadcrumb\":{\"@id\":\"https:\/\/shiawaves.com\/turkish\/2024\/07\/21\/sarpolda-muharrem-merasimine-saldiri-merasimde-yedi-kisi-yaralandi\/#breadcrumb\"},\"inLanguage\":\"tr\",\"potentialAction\":[{\"@type\":\"ReadAction\",\"target\":[\"https:\/\/shiawaves.com\/turkish\/2024\/07\/21\/sarpolda-muharrem-merasimine-saldiri-merasimde-yedi-kisi-yaralandi\/\"]}]},{\"@type\":\"ImageObject\",\"inLanguage\":\"tr\",\"@id\":\"https:\/\/shiawaves.com\/turkish\/2024\/07\/21\/sarpolda-muharrem-merasimine-saldiri-merasimde-yedi-kisi-yaralandi\/#primaryimage\",\"url\":\"https:\/\/shiawaves.com\/turkish\/wp-content\/uploads\/sites\/6\/2024\/07\/3bcdda71-421f-427f-8d30-c8be032fc5b2.jpg\",\"contentUrl\":\"https:\/\/shiawaves.com\/turkish\/wp-content\/uploads\/sites\/6\/2024\/07\/3bcdda71-421f-427f-8d30-c8be032fc5b2.jpg\",\"width\":1200,\"height\":630},{\"@type\":\"BreadcrumbList\",\"@id\":\"https:\/\/shiawaves.com\/turkish\/2024\/07\/21\/sarpolda-muharrem-merasimine-saldiri-merasimde-yedi-kisi-yaralandi\/#breadcrumb\",\"itemListElement\":[{\"@type\":\"ListItem\",\"position\":1,\"name\":\"Home\",\"item\":\"https:\/\/shiawaves.com\/turkish\/\"},{\"@type\":\"ListItem\",\"position\":2,\"name\":\"Sarpol&#8217;da Muharrem Merasimine Sald\u0131r\u0131; Merasimde Yedi Ki\u015fi Yaraland\u0131\"}]},{\"@type\":\"WebSite\",\"@id\":\"https:\/\/shiawaves.com\/turkish\/#website\",\"url\":\"https:\/\/shiawaves.com\/turkish\/\",\"name\":\"ShiaWaves Turkish - \u015eia Haberleri\",\"description\":\"\",\"potentialAction\":[{\"@type\":\"SearchAction\",\"target\":{\"@type\":\"EntryPoint\",\"urlTemplate\":\"https:\/\/shiawaves.com\/turkish\/?s={search_term_string}\"},\"query-input\":{\"@type\":\"PropertyValueSpecification\",\"valueRequired\":true,\"valueName\":\"search_term_string\"}}],\"inLanguage\":\"tr\"},{\"@type\":\"Person\",\"@id\":\"https:\/\/shiawaves.com\/turkish\/#\/schema\/person\/9f40fcff214dbf0bb18ce08533d2b3d8\",\"name\":\"Mehdi Adham\",\"image\":{\"@type\":\"ImageObject\",\"inLanguage\":\"tr\",\"@id\":\"https:\/\/shiawaves.com\/turkish\/#\/schema\/person\/image\/\",\"url\":\"https:\/\/secure.gravatar.com\/avatar\/6e765dedcfab8a106b55be64c882415eafe6c57e2ffa8d8ed89dc1a9e453af17?s=96&d=mm&r=g\",\"contentUrl\":\"https:\/\/secure.gravatar.com\/avatar\/6e765dedcfab8a106b55be64c882415eafe6c57e2ffa8d8ed89dc1a9e453af17?s=96&d=mm&r=g\",\"caption\":\"Mehdi Adham\"},\"url\":\"https:\/\/shiawaves.com\/turkish\/author\/jabbarzadeh\/\"}]}<\/script>\n<!-- \/ Yoast SEO plugin. -->","yoast_head_json":{"title":"Sarpol'da Muharrem Merasimine Sald\u0131r\u0131; Merasimde Yedi Ki\u015fi Yaraland\u0131 - ShiaWaves Turkish - \u015eia Haberleri","description":"Sarpol kentinde Muharrem ay\u0131n\u0131n 13. g\u00fcn\u00fcne e\u015f zamanl\u0131 olarak, yerel ad\u0131yla Sakkahane olarak adland\u0131r\u0131lan b\u00f6lgese yas tutanlara \u015ferbet da\u011f\u0131tma merasimine motosikletli bir ki\u015fi el bombas\u0131yla sald\u0131rd\u0131.","robots":{"index":"index","follow":"follow","max-snippet":"max-snippet:-1","max-image-preview":"max-image-preview:large","max-video-preview":"max-video-preview:-1"},"canonical":"https:\/\/shiawaves.com\/turkish\/2024\/07\/21\/sarpolda-muharrem-merasimine-saldiri-merasimde-yedi-kisi-yaralandi\/","og_locale":"tr_TR","og_type":"article","og_title":"Sarpol'da Muharrem Merasimine Sald\u0131r\u0131; Merasimde Yedi Ki\u015fi Yaraland\u0131 - ShiaWaves Turkish - \u015eia Haberleri","og_description":"Sarpol kentinde Muharrem ay\u0131n\u0131n 13. g\u00fcn\u00fcne e\u015f zamanl\u0131 olarak, yerel ad\u0131yla Sakkahane olarak adland\u0131r\u0131lan b\u00f6lgese yas tutanlara \u015ferbet da\u011f\u0131tma merasimine motosikletli bir ki\u015fi el bombas\u0131yla sald\u0131rd\u0131.","og_url":"https:\/\/shiawaves.com\/turkish\/2024\/07\/21\/sarpolda-muharrem-merasimine-saldiri-merasimde-yedi-kisi-yaralandi\/","og_site_name":"ShiaWaves Turkish - \u015eia Haberleri","article_published_time":"2024-07-21T08:00:00+00:00","article_modified_time":"2024-07-20T22:54:59+00:00","og_image":[{"width":1200,"height":630,"url":"https:\/\/shiawaves.com\/turkish\/wp-content\/uploads\/sites\/6\/2024\/07\/3bcdda71-421f-427f-8d30-c8be032fc5b2.jpg","type":"image\/jpeg"}],"author":"Mehdi Adham","twitter_card":"summary_large_image","twitter_misc":{"Yazan:":"Mehdi Adham","Tahmini okuma s\u00fcresi":"2 dakika"},"schema":{"@context":"https:\/\/schema.org","@graph":[{"@type":"WebPage","@id":"https:\/\/shiawaves.com\/turkish\/2024\/07\/21\/sarpolda-muharrem-merasimine-saldiri-merasimde-yedi-kisi-yaralandi\/","url":"https:\/\/shiawaves.com\/turkish\/2024\/07\/21\/sarpolda-muharrem-merasimine-saldiri-merasimde-yedi-kisi-yaralandi\/","name":"Sarpol'da Muharrem Merasimine Sald\u0131r\u0131; Merasimde Yedi Ki\u015fi Yaraland\u0131 - ShiaWaves Turkish - \u015eia Haberleri","isPartOf":{"@id":"https:\/\/shiawaves.com\/turkish\/#website"},"primaryImageOfPage":{"@id":"https:\/\/shiawaves.com\/turkish\/2024\/07\/21\/sarpolda-muharrem-merasimine-saldiri-merasimde-yedi-kisi-yaralandi\/#primaryimage"},"image":{"@id":"https:\/\/shiawaves.com\/turkish\/2024\/07\/21\/sarpolda-muharrem-merasimine-saldiri-merasimde-yedi-kisi-yaralandi\/#primaryimage"},"thumbnailUrl":"https:\/\/shiawaves.com\/turkish\/wp-content\/uploads\/sites\/6\/2024\/07\/3bcdda71-421f-427f-8d30-c8be032fc5b2.jpg","datePublished":"2024-07-21T08:00:00+00:00","dateModified":"2024-07-20T22:54:59+00:00","author":{"@id":"https:\/\/shiawaves.com\/turkish\/#\/schema\/person\/9f40fcff214dbf0bb18ce08533d2b3d8"},"description":"Sarpol kentinde Muharrem ay\u0131n\u0131n 13. g\u00fcn\u00fcne e\u015f zamanl\u0131 olarak, yerel ad\u0131yla Sakkahane olarak adland\u0131r\u0131lan b\u00f6lgese yas tutanlara \u015ferbet da\u011f\u0131tma merasimine motosikletli bir ki\u015fi el bombas\u0131yla sald\u0131rd\u0131.","breadcrumb":{"@id":"https:\/\/shiawaves.com\/turkish\/2024\/07\/21\/sarpolda-muharrem-merasimine-saldiri-merasimde-yedi-kisi-yaralandi\/#breadcrumb"},"inLanguage":"tr","potentialAction":[{"@type":"ReadAction","target":["https:\/\/shiawaves.com\/turkish\/2024\/07\/21\/sarpolda-muharrem-merasimine-saldiri-merasimde-yedi-kisi-yaralandi\/"]}]},{"@type":"ImageObject","inLanguage":"tr","@id":"https:\/\/shiawaves.com\/turkish\/2024\/07\/21\/sarpolda-muharrem-merasimine-saldiri-merasimde-yedi-kisi-yaralandi\/#primaryimage","url":"https:\/\/shiawaves.com\/turkish\/wp-content\/uploads\/sites\/6\/2024\/07\/3bcdda71-421f-427f-8d30-c8be032fc5b2.jpg","contentUrl":"https:\/\/shiawaves.com\/turkish\/wp-content\/uploads\/sites\/6\/2024\/07\/3bcdda71-421f-427f-8d30-c8be032fc5b2.jpg","width":1200,"height":630},{"@type":"BreadcrumbList","@id":"https:\/\/shiawaves.com\/turkish\/2024\/07\/21\/sarpolda-muharrem-merasimine-saldiri-merasimde-yedi-kisi-yaralandi\/#breadcrumb","itemListElement":[{"@type":"ListItem","position":1,"name":"Home","item":"https:\/\/shiawaves.com\/turkish\/"},{"@type":"ListItem","position":2,"name":"Sarpol&#8217;da Muharrem Merasimine Sald\u0131r\u0131; Merasimde Yedi Ki\u015fi Yaraland\u0131"}]},{"@type":"WebSite","@id":"https:\/\/shiawaves.com\/turkish\/#website","url":"https:\/\/shiawaves.com\/turkish\/","name":"ShiaWaves Turkish - \u015eia Haberleri","description":"","potentialAction":[{"@type":"SearchAction","target":{"@type":"EntryPoint","urlTemplate":"https:\/\/shiawaves.com\/turkish\/?s={search_term_string}"},"query-input":{"@type":"PropertyValueSpecification","valueRequired":true,"valueName":"search_term_string"}}],"inLanguage":"tr"},{"@type":"Person","@id":"https:\/\/shiawaves.com\/turkish\/#\/schema\/person\/9f40fcff214dbf0bb18ce08533d2b3d8","name":"Mehdi Adham","image":{"@type":"ImageObject","inLanguage":"tr","@id":"https:\/\/shiawaves.com\/turkish\/#\/schema\/person\/image\/","url":"https:\/\/secure.gravatar.com\/avatar\/6e765dedcfab8a106b55be64c882415eafe6c57e2ffa8d8ed89dc1a9e453af17?s=96&d=mm&r=g","contentUrl":"https:\/\/secure.gravatar.com\/avatar\/6e765dedcfab8a106b55be64c882415eafe6c57e2ffa8d8ed89dc1a9e453af17?s=96&d=mm&r=g","caption":"Mehdi Adham"},"url":"https:\/\/shiawaves.com\/turkish\/author\/jabbarzadeh\/"}]}},"_links":{"self":[{"href":"https:\/\/shiawaves.com\/turkish\/wp-json\/wp\/v2\/posts\/106492","targetHints":{"allow":["GET"]}}],"collection":[{"href":"https:\/\/shiawaves.com\/turkish\/wp-json\/wp\/v2\/posts"}],"about":[{"href":"https:\/\/shiawaves.com\/turkish\/wp-json\/wp\/v2\/types\/post"}],"author":[{"embeddable":true,"href":"https:\/\/shiawaves.com\/turkish\/wp-json\/wp\/v2\/users\/41"}],"replies":[{"embeddable":true,"href":"https:\/\/shiawaves.com\/turkish\/wp-json\/wp\/v2\/comments?post=106492"}],"version-history":[{"count":1,"href":"https:\/\/shiawaves.com\/turkish\/wp-json\/wp\/v2\/posts\/106492\/revisions"}],"predecessor-version":[{"id":106494,"href":"https:\/\/shiawaves.com\/turkish\/wp-json\/wp\/v2\/posts\/106492\/revisions\/106494"}],"wp:featuredmedia":[{"embeddable":true,"href":"https:\/\/shiawaves.com\/turkish\/wp-json\/wp\/v2\/media\/106493"}],"wp:attachment":[{"href":"https:\/\/shiawaves.com\/turkish\/wp-json\/wp\/v2\/media?parent=106492"}],"wp:term":[{"taxonomy":"category","embeddable":true,"href":"https:\/\/shiawaves.com\/turkish\/wp-json\/wp\/v2\/categories?post=106492"},{"taxonomy":"post_tag","embeddable":true,"href":"https:\/\/shiawaves.com\/turkish\/wp-json\/wp\/v2\/tags?post=106492"}],"curies":[{"name":"wp","href":"https:\/\/api.w.org\/{rel}","templated":true}]}}