{"id":106325,"date":"2024-06-30T09:00:00","date_gmt":"2024-06-30T06:00:00","guid":{"rendered":"https:\/\/shiawaves.com\/turkish\/?p=106325"},"modified":"2024-06-29T21:38:09","modified_gmt":"2024-06-29T18:38:09","slug":"irakin-halepce-sehrinde-osmanli-dan-kalan-150-senelik-elle-yazilmis-kuran-i-kerim-ozenle-korunuyor","status":"publish","type":"post","link":"https:\/\/shiawaves.com\/turkish\/2024\/06\/30\/irakin-halepce-sehrinde-osmanli-dan-kalan-150-senelik-elle-yazilmis-kuran-i-kerim-ozenle-korunuyor\/","title":{"rendered":"Irak&#8217;\u0131n Halep\u00e7e \u015fehrinde Osmanl\u0131 dan kalan 150 senelik elle yaz\u0131lm\u0131\u015f Kur&#8217;an-\u0131 Kerim \u00f6zenle korunuyor"},"content":{"rendered":"\n<p>150 y\u0131l\u0131ndan \u00f6nce Osmanl\u0131 d\u00f6neminde elle yaz\u0131lm\u0131\u015f Kur&#8217;an-\u0131 Kerim, Irak&#8217;\u0131n Halep\u00e7e \u015fehrinde oradaki ya\u015fayan insanlar\u0131n taraf\u0131ndan \u00f6zenle korunuyor.<br>Osmanl\u0131 h\u00fck\u00fcmdarl\u0131\u011f\u0131n zaman\u0131nda Hattat Ahmed Dareyani taraf\u0131ndan yaz\u0131lm\u0131\u015f Kur&#8217;an-\u0131 Kerim n\u00fcshas\u0131 \u015fimdiye kadar muhafaza edildi.<br>Elle yaz\u0131lm\u0131\u015f Kur&#8217;an-\u0131 Kerim ile ilgili Halep\u00e7eli din adam\u0131 Ebubekir Nureddin Habib \u015f\u00f6yle konu\u015ftu, Kur&#8217;an-\u0131 Kerim&#8217;in her sayfas\u0131n\u0131n \u00f6zel bir \u015fekilde tasarland\u0131\u011f\u0131 ve \u00fc\u00e7 ayr\u0131 renkte \u00e7er\u00e7eve \u00e7izildi\u011fi, m\u00fcrekkebin a\u011fa\u00e7tan yapraklar\u0131ndan olu\u015ftu.<br>Habib, &#8220;kullan\u0131lan k\u00e2\u011f\u0131tlar da sar\u0131. O zamanlarda medreselerde k\u00e2\u011f\u0131da safran ile sar\u0131 renk verildi. \u00c7\u00fcnk\u00fc sar\u0131 renk g\u00f6z\u00fc yorumlad\u0131\u011f\u0131 i\u00e7in o zamanlar tercih ediliyordu .&#8221;ifadelerini kulland\u0131.<\/p>\n\n\n\n<figure class=\"wp-block-image size-full\"><img loading=\"lazy\" decoding=\"async\" width=\"750\" height=\"500\" src=\"https:\/\/shiawaves.com\/turkish\/wp-content\/uploads\/sites\/6\/2024\/06\/photo_2024-06-29_21-32-51.jpg\" alt=\"\" class=\"wp-image-106326\" srcset=\"https:\/\/shiawaves.com\/turkish\/wp-content\/uploads\/sites\/6\/2024\/06\/photo_2024-06-29_21-32-51.jpg 750w, https:\/\/shiawaves.com\/turkish\/wp-content\/uploads\/sites\/6\/2024\/06\/photo_2024-06-29_21-32-51-300x200.jpg 300w\" sizes=\"auto, (max-width: 750px) 100vw, 750px\" \/><\/figure>\n","protected":false},"excerpt":{"rendered":"<p>150 y\u0131l\u0131ndan \u00f6nce Osmanl\u0131 d\u00f6neminde elle yaz\u0131lm\u0131\u015f Kur&#8217;an-\u0131 Kerim, Irak&#8217;\u0131n Halep\u00e7e \u015fehrinde oradaki ya\u015fayan insanlar\u0131n taraf\u0131ndan \u00f6zenle korunuyor.<\/p>\n","protected":false},"author":41,"featured_media":106326,"comment_status":"open","ping_status":"open","sticky":false,"template":"","format":"standard","meta":{"rop_custom_images_group":[],"rop_custom_messages_group":[],"rop_publish_now":"initial","rop_publish_now_accounts":[],"rop_publish_now_history":[],"rop_publish_now_status":"pending","footnotes":""},"categories":[14],"tags":[140,141,139,138,142],"class_list":["post-106325","post","type-post","status-publish","format-standard","has-post-thumbnail","hentry","category-iraq","tag-halepce","tag-hattat-ahmed-dareyani","tag-kuran-i-kerim","tag-osmanli-donemi","tag-sari-kagit"],"_wp_page_template":null,"_wp_attached_file":null,"_wp_attachment_metadata":null,"_edit_lock":"1719686290:41","yoast_head":"<!-- This site is optimized with the Yoast SEO plugin v24.3 - https:\/\/yoast.com\/wordpress\/plugins\/seo\/ -->\n<title>Irak&#039;\u0131n Halep\u00e7e \u015fehrinde Osmanl\u0131 dan kalan 150 senelik elle yaz\u0131lm\u0131\u015f Kur&#039;an-\u0131 Kerim \u00f6zenle korunuyor - ShiaWaves Turkish - \u015eia Haberleri<\/title>\n<meta name=\"robots\" content=\"index, follow, max-snippet:-1, max-image-preview:large, max-video-preview:-1\" \/>\n<link rel=\"canonical\" href=\"https:\/\/shiawaves.com\/turkish\/2024\/06\/30\/irakin-halepce-sehrinde-osmanli-dan-kalan-150-senelik-elle-yazilmis-kuran-i-kerim-ozenle-korunuyor\/\" \/>\n<meta property=\"og:locale\" content=\"tr_TR\" \/>\n<meta property=\"og:type\" content=\"article\" \/>\n<meta property=\"og:title\" content=\"Irak&#039;\u0131n Halep\u00e7e \u015fehrinde Osmanl\u0131 dan kalan 150 senelik elle yaz\u0131lm\u0131\u015f Kur&#039;an-\u0131 Kerim \u00f6zenle korunuyor - ShiaWaves Turkish - \u015eia Haberleri\" \/>\n<meta property=\"og:description\" content=\"150 y\u0131l\u0131ndan \u00f6nce Osmanl\u0131 d\u00f6neminde elle yaz\u0131lm\u0131\u015f Kur&#039;an-\u0131 Kerim, Irak&#039;\u0131n Halep\u00e7e \u015fehrinde oradaki ya\u015fayan insanlar\u0131n taraf\u0131ndan \u00f6zenle korunuyor.\" \/>\n<meta property=\"og:url\" content=\"https:\/\/shiawaves.com\/turkish\/2024\/06\/30\/irakin-halepce-sehrinde-osmanli-dan-kalan-150-senelik-elle-yazilmis-kuran-i-kerim-ozenle-korunuyor\/\" \/>\n<meta property=\"og:site_name\" content=\"ShiaWaves Turkish - \u015eia Haberleri\" \/>\n<meta property=\"article:published_time\" content=\"2024-06-30T06:00:00+00:00\" \/>\n<meta property=\"article:modified_time\" content=\"2024-06-29T18:38:09+00:00\" \/>\n<meta property=\"og:image\" content=\"https:\/\/shiawaves.com\/turkish\/wp-content\/uploads\/sites\/6\/2024\/06\/photo_2024-06-29_21-32-51.jpg\" \/>\n\t<meta property=\"og:image:width\" content=\"750\" \/>\n\t<meta property=\"og:image:height\" content=\"500\" \/>\n\t<meta property=\"og:image:type\" content=\"image\/jpeg\" \/>\n<meta name=\"author\" content=\"Mehdi Adham\" \/>\n<meta name=\"twitter:card\" content=\"summary_large_image\" \/>\n<meta name=\"twitter:label1\" content=\"Yazan:\" \/>\n\t<meta name=\"twitter:data1\" content=\"Mehdi Adham\" \/>\n\t<meta name=\"twitter:label2\" content=\"Tahmini okuma s\u00fcresi\" \/>\n\t<meta name=\"twitter:data2\" content=\"1 dakika\" \/>\n<script type=\"application\/ld+json\" class=\"yoast-schema-graph\">{\"@context\":\"https:\/\/schema.org\",\"@graph\":[{\"@type\":\"WebPage\",\"@id\":\"https:\/\/shiawaves.com\/turkish\/2024\/06\/30\/irakin-halepce-sehrinde-osmanli-dan-kalan-150-senelik-elle-yazilmis-kuran-i-kerim-ozenle-korunuyor\/\",\"url\":\"https:\/\/shiawaves.com\/turkish\/2024\/06\/30\/irakin-halepce-sehrinde-osmanli-dan-kalan-150-senelik-elle-yazilmis-kuran-i-kerim-ozenle-korunuyor\/\",\"name\":\"Irak'\u0131n Halep\u00e7e \u015fehrinde Osmanl\u0131 dan kalan 150 senelik elle yaz\u0131lm\u0131\u015f Kur'an-\u0131 Kerim \u00f6zenle korunuyor - ShiaWaves Turkish - \u015eia Haberleri\",\"isPartOf\":{\"@id\":\"https:\/\/shiawaves.com\/turkish\/#website\"},\"primaryImageOfPage\":{\"@id\":\"https:\/\/shiawaves.com\/turkish\/2024\/06\/30\/irakin-halepce-sehrinde-osmanli-dan-kalan-150-senelik-elle-yazilmis-kuran-i-kerim-ozenle-korunuyor\/#primaryimage\"},\"image\":{\"@id\":\"https:\/\/shiawaves.com\/turkish\/2024\/06\/30\/irakin-halepce-sehrinde-osmanli-dan-kalan-150-senelik-elle-yazilmis-kuran-i-kerim-ozenle-korunuyor\/#primaryimage\"},\"thumbnailUrl\":\"https:\/\/shiawaves.com\/turkish\/wp-content\/uploads\/sites\/6\/2024\/06\/photo_2024-06-29_21-32-51.jpg\",\"datePublished\":\"2024-06-30T06:00:00+00:00\",\"dateModified\":\"2024-06-29T18:38:09+00:00\",\"author\":{\"@id\":\"https:\/\/shiawaves.com\/turkish\/#\/schema\/person\/9f40fcff214dbf0bb18ce08533d2b3d8\"},\"breadcrumb\":{\"@id\":\"https:\/\/shiawaves.com\/turkish\/2024\/06\/30\/irakin-halepce-sehrinde-osmanli-dan-kalan-150-senelik-elle-yazilmis-kuran-i-kerim-ozenle-korunuyor\/#breadcrumb\"},\"inLanguage\":\"tr\",\"potentialAction\":[{\"@type\":\"ReadAction\",\"target\":[\"https:\/\/shiawaves.com\/turkish\/2024\/06\/30\/irakin-halepce-sehrinde-osmanli-dan-kalan-150-senelik-elle-yazilmis-kuran-i-kerim-ozenle-korunuyor\/\"]}]},{\"@type\":\"ImageObject\",\"inLanguage\":\"tr\",\"@id\":\"https:\/\/shiawaves.com\/turkish\/2024\/06\/30\/irakin-halepce-sehrinde-osmanli-dan-kalan-150-senelik-elle-yazilmis-kuran-i-kerim-ozenle-korunuyor\/#primaryimage\",\"url\":\"https:\/\/shiawaves.com\/turkish\/wp-content\/uploads\/sites\/6\/2024\/06\/photo_2024-06-29_21-32-51.jpg\",\"contentUrl\":\"https:\/\/shiawaves.com\/turkish\/wp-content\/uploads\/sites\/6\/2024\/06\/photo_2024-06-29_21-32-51.jpg\",\"width\":750,\"height\":500},{\"@type\":\"BreadcrumbList\",\"@id\":\"https:\/\/shiawaves.com\/turkish\/2024\/06\/30\/irakin-halepce-sehrinde-osmanli-dan-kalan-150-senelik-elle-yazilmis-kuran-i-kerim-ozenle-korunuyor\/#breadcrumb\",\"itemListElement\":[{\"@type\":\"ListItem\",\"position\":1,\"name\":\"Home\",\"item\":\"https:\/\/shiawaves.com\/turkish\/\"},{\"@type\":\"ListItem\",\"position\":2,\"name\":\"Irak&#8217;\u0131n Halep\u00e7e \u015fehrinde Osmanl\u0131 dan kalan 150 senelik elle yaz\u0131lm\u0131\u015f Kur&#8217;an-\u0131 Kerim \u00f6zenle korunuyor\"}]},{\"@type\":\"WebSite\",\"@id\":\"https:\/\/shiawaves.com\/turkish\/#website\",\"url\":\"https:\/\/shiawaves.com\/turkish\/\",\"name\":\"ShiaWaves Turkish - \u015eia Haberleri\",\"description\":\"\",\"potentialAction\":[{\"@type\":\"SearchAction\",\"target\":{\"@type\":\"EntryPoint\",\"urlTemplate\":\"https:\/\/shiawaves.com\/turkish\/?s={search_term_string}\"},\"query-input\":{\"@type\":\"PropertyValueSpecification\",\"valueRequired\":true,\"valueName\":\"search_term_string\"}}],\"inLanguage\":\"tr\"},{\"@type\":\"Person\",\"@id\":\"https:\/\/shiawaves.com\/turkish\/#\/schema\/person\/9f40fcff214dbf0bb18ce08533d2b3d8\",\"name\":\"Mehdi Adham\",\"image\":{\"@type\":\"ImageObject\",\"inLanguage\":\"tr\",\"@id\":\"https:\/\/shiawaves.com\/turkish\/#\/schema\/person\/image\/\",\"url\":\"https:\/\/secure.gravatar.com\/avatar\/6e765dedcfab8a106b55be64c882415eafe6c57e2ffa8d8ed89dc1a9e453af17?s=96&d=mm&r=g\",\"contentUrl\":\"https:\/\/secure.gravatar.com\/avatar\/6e765dedcfab8a106b55be64c882415eafe6c57e2ffa8d8ed89dc1a9e453af17?s=96&d=mm&r=g\",\"caption\":\"Mehdi Adham\"},\"url\":\"https:\/\/shiawaves.com\/turkish\/author\/jabbarzadeh\/\"}]}<\/script>\n<!-- \/ Yoast SEO plugin. -->","yoast_head_json":{"title":"Irak'\u0131n Halep\u00e7e \u015fehrinde Osmanl\u0131 dan kalan 150 senelik elle yaz\u0131lm\u0131\u015f Kur'an-\u0131 Kerim \u00f6zenle korunuyor - ShiaWaves Turkish - \u015eia Haberleri","robots":{"index":"index","follow":"follow","max-snippet":"max-snippet:-1","max-image-preview":"max-image-preview:large","max-video-preview":"max-video-preview:-1"},"canonical":"https:\/\/shiawaves.com\/turkish\/2024\/06\/30\/irakin-halepce-sehrinde-osmanli-dan-kalan-150-senelik-elle-yazilmis-kuran-i-kerim-ozenle-korunuyor\/","og_locale":"tr_TR","og_type":"article","og_title":"Irak'\u0131n Halep\u00e7e \u015fehrinde Osmanl\u0131 dan kalan 150 senelik elle yaz\u0131lm\u0131\u015f Kur'an-\u0131 Kerim \u00f6zenle korunuyor - ShiaWaves Turkish - \u015eia Haberleri","og_description":"150 y\u0131l\u0131ndan \u00f6nce Osmanl\u0131 d\u00f6neminde elle yaz\u0131lm\u0131\u015f Kur'an-\u0131 Kerim, Irak'\u0131n Halep\u00e7e \u015fehrinde oradaki ya\u015fayan insanlar\u0131n taraf\u0131ndan \u00f6zenle korunuyor.","og_url":"https:\/\/shiawaves.com\/turkish\/2024\/06\/30\/irakin-halepce-sehrinde-osmanli-dan-kalan-150-senelik-elle-yazilmis-kuran-i-kerim-ozenle-korunuyor\/","og_site_name":"ShiaWaves Turkish - \u015eia Haberleri","article_published_time":"2024-06-30T06:00:00+00:00","article_modified_time":"2024-06-29T18:38:09+00:00","og_image":[{"width":750,"height":500,"url":"https:\/\/shiawaves.com\/turkish\/wp-content\/uploads\/sites\/6\/2024\/06\/photo_2024-06-29_21-32-51.jpg","type":"image\/jpeg"}],"author":"Mehdi Adham","twitter_card":"summary_large_image","twitter_misc":{"Yazan:":"Mehdi Adham","Tahmini okuma s\u00fcresi":"1 dakika"},"schema":{"@context":"https:\/\/schema.org","@graph":[{"@type":"WebPage","@id":"https:\/\/shiawaves.com\/turkish\/2024\/06\/30\/irakin-halepce-sehrinde-osmanli-dan-kalan-150-senelik-elle-yazilmis-kuran-i-kerim-ozenle-korunuyor\/","url":"https:\/\/shiawaves.com\/turkish\/2024\/06\/30\/irakin-halepce-sehrinde-osmanli-dan-kalan-150-senelik-elle-yazilmis-kuran-i-kerim-ozenle-korunuyor\/","name":"Irak'\u0131n Halep\u00e7e \u015fehrinde Osmanl\u0131 dan kalan 150 senelik elle yaz\u0131lm\u0131\u015f Kur'an-\u0131 Kerim \u00f6zenle korunuyor - ShiaWaves Turkish - \u015eia Haberleri","isPartOf":{"@id":"https:\/\/shiawaves.com\/turkish\/#website"},"primaryImageOfPage":{"@id":"https:\/\/shiawaves.com\/turkish\/2024\/06\/30\/irakin-halepce-sehrinde-osmanli-dan-kalan-150-senelik-elle-yazilmis-kuran-i-kerim-ozenle-korunuyor\/#primaryimage"},"image":{"@id":"https:\/\/shiawaves.com\/turkish\/2024\/06\/30\/irakin-halepce-sehrinde-osmanli-dan-kalan-150-senelik-elle-yazilmis-kuran-i-kerim-ozenle-korunuyor\/#primaryimage"},"thumbnailUrl":"https:\/\/shiawaves.com\/turkish\/wp-content\/uploads\/sites\/6\/2024\/06\/photo_2024-06-29_21-32-51.jpg","datePublished":"2024-06-30T06:00:00+00:00","dateModified":"2024-06-29T18:38:09+00:00","author":{"@id":"https:\/\/shiawaves.com\/turkish\/#\/schema\/person\/9f40fcff214dbf0bb18ce08533d2b3d8"},"breadcrumb":{"@id":"https:\/\/shiawaves.com\/turkish\/2024\/06\/30\/irakin-halepce-sehrinde-osmanli-dan-kalan-150-senelik-elle-yazilmis-kuran-i-kerim-ozenle-korunuyor\/#breadcrumb"},"inLanguage":"tr","potentialAction":[{"@type":"ReadAction","target":["https:\/\/shiawaves.com\/turkish\/2024\/06\/30\/irakin-halepce-sehrinde-osmanli-dan-kalan-150-senelik-elle-yazilmis-kuran-i-kerim-ozenle-korunuyor\/"]}]},{"@type":"ImageObject","inLanguage":"tr","@id":"https:\/\/shiawaves.com\/turkish\/2024\/06\/30\/irakin-halepce-sehrinde-osmanli-dan-kalan-150-senelik-elle-yazilmis-kuran-i-kerim-ozenle-korunuyor\/#primaryimage","url":"https:\/\/shiawaves.com\/turkish\/wp-content\/uploads\/sites\/6\/2024\/06\/photo_2024-06-29_21-32-51.jpg","contentUrl":"https:\/\/shiawaves.com\/turkish\/wp-content\/uploads\/sites\/6\/2024\/06\/photo_2024-06-29_21-32-51.jpg","width":750,"height":500},{"@type":"BreadcrumbList","@id":"https:\/\/shiawaves.com\/turkish\/2024\/06\/30\/irakin-halepce-sehrinde-osmanli-dan-kalan-150-senelik-elle-yazilmis-kuran-i-kerim-ozenle-korunuyor\/#breadcrumb","itemListElement":[{"@type":"ListItem","position":1,"name":"Home","item":"https:\/\/shiawaves.com\/turkish\/"},{"@type":"ListItem","position":2,"name":"Irak&#8217;\u0131n Halep\u00e7e \u015fehrinde Osmanl\u0131 dan kalan 150 senelik elle yaz\u0131lm\u0131\u015f Kur&#8217;an-\u0131 Kerim \u00f6zenle korunuyor"}]},{"@type":"WebSite","@id":"https:\/\/shiawaves.com\/turkish\/#website","url":"https:\/\/shiawaves.com\/turkish\/","name":"ShiaWaves Turkish - \u015eia Haberleri","description":"","potentialAction":[{"@type":"SearchAction","target":{"@type":"EntryPoint","urlTemplate":"https:\/\/shiawaves.com\/turkish\/?s={search_term_string}"},"query-input":{"@type":"PropertyValueSpecification","valueRequired":true,"valueName":"search_term_string"}}],"inLanguage":"tr"},{"@type":"Person","@id":"https:\/\/shiawaves.com\/turkish\/#\/schema\/person\/9f40fcff214dbf0bb18ce08533d2b3d8","name":"Mehdi Adham","image":{"@type":"ImageObject","inLanguage":"tr","@id":"https:\/\/shiawaves.com\/turkish\/#\/schema\/person\/image\/","url":"https:\/\/secure.gravatar.com\/avatar\/6e765dedcfab8a106b55be64c882415eafe6c57e2ffa8d8ed89dc1a9e453af17?s=96&d=mm&r=g","contentUrl":"https:\/\/secure.gravatar.com\/avatar\/6e765dedcfab8a106b55be64c882415eafe6c57e2ffa8d8ed89dc1a9e453af17?s=96&d=mm&r=g","caption":"Mehdi Adham"},"url":"https:\/\/shiawaves.com\/turkish\/author\/jabbarzadeh\/"}]}},"_links":{"self":[{"href":"https:\/\/shiawaves.com\/turkish\/wp-json\/wp\/v2\/posts\/106325","targetHints":{"allow":["GET"]}}],"collection":[{"href":"https:\/\/shiawaves.com\/turkish\/wp-json\/wp\/v2\/posts"}],"about":[{"href":"https:\/\/shiawaves.com\/turkish\/wp-json\/wp\/v2\/types\/post"}],"author":[{"embeddable":true,"href":"https:\/\/shiawaves.com\/turkish\/wp-json\/wp\/v2\/users\/41"}],"replies":[{"embeddable":true,"href":"https:\/\/shiawaves.com\/turkish\/wp-json\/wp\/v2\/comments?post=106325"}],"version-history":[{"count":1,"href":"https:\/\/shiawaves.com\/turkish\/wp-json\/wp\/v2\/posts\/106325\/revisions"}],"predecessor-version":[{"id":106327,"href":"https:\/\/shiawaves.com\/turkish\/wp-json\/wp\/v2\/posts\/106325\/revisions\/106327"}],"wp:featuredmedia":[{"embeddable":true,"href":"https:\/\/shiawaves.com\/turkish\/wp-json\/wp\/v2\/media\/106326"}],"wp:attachment":[{"href":"https:\/\/shiawaves.com\/turkish\/wp-json\/wp\/v2\/media?parent=106325"}],"wp:term":[{"taxonomy":"category","embeddable":true,"href":"https:\/\/shiawaves.com\/turkish\/wp-json\/wp\/v2\/categories?post=106325"},{"taxonomy":"post_tag","embeddable":true,"href":"https:\/\/shiawaves.com\/turkish\/wp-json\/wp\/v2\/tags?post=106325"}],"curies":[{"name":"wp","href":"https:\/\/api.w.org\/{rel}","templated":true}]}}