{"id":106317,"date":"2024-06-29T15:00:00","date_gmt":"2024-06-29T12:00:00","guid":{"rendered":"https:\/\/shiawaves.com\/turkish\/?p=106317"},"modified":"2024-06-29T14:46:03","modified_gmt":"2024-06-29T11:46:03","slug":"siilerin-yedinci-imami-imam-musa-bin-cafer-in-a-s-dogum-gunu","status":"publish","type":"post","link":"https:\/\/shiawaves.com\/turkish\/2024\/06\/29\/siilerin-yedinci-imami-imam-musa-bin-cafer-in-a-s-dogum-gunu\/","title":{"rendered":"\u015eiilerin yedinci \u0130mami \u0130mam Musa Bin Cafer in (a.s) do\u011fum g\u00fcn\u00fc"},"content":{"rendered":"\n<p>Haftan\u0131n ba\u015f\u0131nda \u0130mam Musa Bin Cafer (a.s) viladet y\u0131ld\u00f6n\u00fcm\u00fc dolay\u0131s\u0131yla anma program\u0131 d\u00fczenlenecek.<br>\u0130mam kaz\u0131m (a.s) do\u011fum tarihiyle ilgili din alimlerin aras\u0131nda fakir ayr\u0131l\u0131\u011f\u0131 olmas\u0131na ra\u011fmen bir\u00e7ok sii din alimleri baz\u0131 kaynaklara dayanarak imam\u0131n do\u011fum g\u00fcn\u00fc zilhicce ay\u0131nda oldu\u011funu kanaatindedir.<br>\u015eii din alimlerinden Ayetullah Seyyid Sad\u0131k H\u00fcseyin \u015eirazi &#8216;nin \u015eiilerin yedinci \u0130mamin do\u011fum g\u00fcn\u00fc zilhicce ay\u0131nda oldu\u011funu kanaatindedir. Bir ba\u015fka neden ise \u0130mam kaz\u0131m &#8216;in (a.s) do\u011fum yerinin de onun zilhicce ay\u0131nda do\u011fdu\u011funu bir belirti olarak zikretti.<br>Bundan dolay\u0131 \u0130mam H\u00fcseyin (a.s) medya grubu 20 ile 26 aras\u0131nda \u0130mam Musa Bin Cafer aleyhi selam&#8217;\u0131n do\u011fumunu anma haftas\u0131 olarak adland\u0131r\u0131ld\u0131.<\/p>\n\n\n\n<figure class=\"wp-block-image size-full is-resized\"><img loading=\"lazy\" decoding=\"async\" width=\"179\" height=\"168\" src=\"https:\/\/shiawaves.com\/turkish\/wp-content\/uploads\/sites\/6\/2024\/06\/download.jpeg\" alt=\"\" class=\"wp-image-106318\" style=\"width:367px;height:auto\" \/><\/figure>\n","protected":false},"excerpt":{"rendered":"<p>\u015eiilerin yedinci \u0130mami \u0130mam Musa Bin Cafer in (a.s) do\u011fum g\u00fcn\u00fc<\/p>\n","protected":false},"author":41,"featured_media":106318,"comment_status":"open","ping_status":"open","sticky":false,"template":"","format":"standard","meta":{"rop_custom_images_group":[],"rop_custom_messages_group":[],"rop_publish_now":"initial","rop_publish_now_accounts":[],"rop_publish_now_history":[],"rop_publish_now_status":"pending","footnotes":""},"categories":[14,30],"tags":[128,130,132,131,129],"class_list":["post-106317","post","type-post","status-publish","format-standard","has-post-thumbnail","hentry","category-iraq","category-atabat","tag-anma-programi","tag-imam-kazim","tag-imam-musa-bin-cafer","tag-viladet-yildonumu","tag-zilhicce-ayi"],"_wp_page_template":null,"_wp_attached_file":null,"_wp_attachment_metadata":null,"_edit_lock":"1719661563:41","yoast_head":"<!-- This site is optimized with the Yoast SEO plugin v24.3 - https:\/\/yoast.com\/wordpress\/plugins\/seo\/ -->\n<title>\u015eiilerin yedinci \u0130mami \u0130mam Musa Bin Cafer in (a.s) do\u011fum g\u00fcn\u00fc - ShiaWaves Turkish - \u015eia Haberleri<\/title>\n<meta name=\"robots\" content=\"index, follow, max-snippet:-1, max-image-preview:large, max-video-preview:-1\" \/>\n<link rel=\"canonical\" href=\"https:\/\/shiawaves.com\/turkish\/2024\/06\/29\/siilerin-yedinci-imami-imam-musa-bin-cafer-in-a-s-dogum-gunu\/\" \/>\n<meta property=\"og:locale\" content=\"tr_TR\" \/>\n<meta property=\"og:type\" content=\"article\" \/>\n<meta property=\"og:title\" content=\"\u015eiilerin yedinci \u0130mami \u0130mam Musa Bin Cafer in (a.s) do\u011fum g\u00fcn\u00fc - ShiaWaves Turkish - \u015eia Haberleri\" \/>\n<meta property=\"og:description\" content=\"\u015eiilerin yedinci \u0130mami \u0130mam Musa Bin Cafer in (a.s) do\u011fum g\u00fcn\u00fc\" \/>\n<meta property=\"og:url\" content=\"https:\/\/shiawaves.com\/turkish\/2024\/06\/29\/siilerin-yedinci-imami-imam-musa-bin-cafer-in-a-s-dogum-gunu\/\" \/>\n<meta property=\"og:site_name\" content=\"ShiaWaves Turkish - \u015eia Haberleri\" \/>\n<meta property=\"article:published_time\" content=\"2024-06-29T12:00:00+00:00\" \/>\n<meta property=\"article:modified_time\" content=\"2024-06-29T11:46:03+00:00\" \/>\n<meta property=\"og:image\" content=\"https:\/\/shiawaves.com\/turkish\/wp-content\/uploads\/sites\/6\/2024\/06\/download.jpeg\" \/>\n\t<meta property=\"og:image:width\" content=\"179\" \/>\n\t<meta property=\"og:image:height\" content=\"168\" \/>\n\t<meta property=\"og:image:type\" content=\"image\/jpeg\" \/>\n<meta name=\"author\" content=\"Mehdi Adham\" \/>\n<meta name=\"twitter:card\" content=\"summary_large_image\" \/>\n<meta name=\"twitter:label1\" content=\"Yazan:\" \/>\n\t<meta name=\"twitter:data1\" content=\"Mehdi Adham\" \/>\n\t<meta name=\"twitter:label2\" content=\"Tahmini okuma s\u00fcresi\" \/>\n\t<meta name=\"twitter:data2\" content=\"1 dakika\" \/>\n<script type=\"application\/ld+json\" class=\"yoast-schema-graph\">{\"@context\":\"https:\/\/schema.org\",\"@graph\":[{\"@type\":\"WebPage\",\"@id\":\"https:\/\/shiawaves.com\/turkish\/2024\/06\/29\/siilerin-yedinci-imami-imam-musa-bin-cafer-in-a-s-dogum-gunu\/\",\"url\":\"https:\/\/shiawaves.com\/turkish\/2024\/06\/29\/siilerin-yedinci-imami-imam-musa-bin-cafer-in-a-s-dogum-gunu\/\",\"name\":\"\u015eiilerin yedinci \u0130mami \u0130mam Musa Bin Cafer in (a.s) do\u011fum g\u00fcn\u00fc - ShiaWaves Turkish - \u015eia Haberleri\",\"isPartOf\":{\"@id\":\"https:\/\/shiawaves.com\/turkish\/#website\"},\"primaryImageOfPage\":{\"@id\":\"https:\/\/shiawaves.com\/turkish\/2024\/06\/29\/siilerin-yedinci-imami-imam-musa-bin-cafer-in-a-s-dogum-gunu\/#primaryimage\"},\"image\":{\"@id\":\"https:\/\/shiawaves.com\/turkish\/2024\/06\/29\/siilerin-yedinci-imami-imam-musa-bin-cafer-in-a-s-dogum-gunu\/#primaryimage\"},\"thumbnailUrl\":\"https:\/\/shiawaves.com\/turkish\/wp-content\/uploads\/sites\/6\/2024\/06\/download.jpeg\",\"datePublished\":\"2024-06-29T12:00:00+00:00\",\"dateModified\":\"2024-06-29T11:46:03+00:00\",\"author\":{\"@id\":\"https:\/\/shiawaves.com\/turkish\/#\/schema\/person\/9f40fcff214dbf0bb18ce08533d2b3d8\"},\"breadcrumb\":{\"@id\":\"https:\/\/shiawaves.com\/turkish\/2024\/06\/29\/siilerin-yedinci-imami-imam-musa-bin-cafer-in-a-s-dogum-gunu\/#breadcrumb\"},\"inLanguage\":\"tr\",\"potentialAction\":[{\"@type\":\"ReadAction\",\"target\":[\"https:\/\/shiawaves.com\/turkish\/2024\/06\/29\/siilerin-yedinci-imami-imam-musa-bin-cafer-in-a-s-dogum-gunu\/\"]}]},{\"@type\":\"ImageObject\",\"inLanguage\":\"tr\",\"@id\":\"https:\/\/shiawaves.com\/turkish\/2024\/06\/29\/siilerin-yedinci-imami-imam-musa-bin-cafer-in-a-s-dogum-gunu\/#primaryimage\",\"url\":\"https:\/\/shiawaves.com\/turkish\/wp-content\/uploads\/sites\/6\/2024\/06\/download.jpeg\",\"contentUrl\":\"https:\/\/shiawaves.com\/turkish\/wp-content\/uploads\/sites\/6\/2024\/06\/download.jpeg\",\"width\":179,\"height\":168},{\"@type\":\"BreadcrumbList\",\"@id\":\"https:\/\/shiawaves.com\/turkish\/2024\/06\/29\/siilerin-yedinci-imami-imam-musa-bin-cafer-in-a-s-dogum-gunu\/#breadcrumb\",\"itemListElement\":[{\"@type\":\"ListItem\",\"position\":1,\"name\":\"Home\",\"item\":\"https:\/\/shiawaves.com\/turkish\/\"},{\"@type\":\"ListItem\",\"position\":2,\"name\":\"\u015eiilerin yedinci \u0130mami \u0130mam Musa Bin Cafer in (a.s) do\u011fum g\u00fcn\u00fc\"}]},{\"@type\":\"WebSite\",\"@id\":\"https:\/\/shiawaves.com\/turkish\/#website\",\"url\":\"https:\/\/shiawaves.com\/turkish\/\",\"name\":\"ShiaWaves Turkish - \u015eia Haberleri\",\"description\":\"\",\"potentialAction\":[{\"@type\":\"SearchAction\",\"target\":{\"@type\":\"EntryPoint\",\"urlTemplate\":\"https:\/\/shiawaves.com\/turkish\/?s={search_term_string}\"},\"query-input\":{\"@type\":\"PropertyValueSpecification\",\"valueRequired\":true,\"valueName\":\"search_term_string\"}}],\"inLanguage\":\"tr\"},{\"@type\":\"Person\",\"@id\":\"https:\/\/shiawaves.com\/turkish\/#\/schema\/person\/9f40fcff214dbf0bb18ce08533d2b3d8\",\"name\":\"Mehdi Adham\",\"image\":{\"@type\":\"ImageObject\",\"inLanguage\":\"tr\",\"@id\":\"https:\/\/shiawaves.com\/turkish\/#\/schema\/person\/image\/\",\"url\":\"https:\/\/secure.gravatar.com\/avatar\/6e765dedcfab8a106b55be64c882415eafe6c57e2ffa8d8ed89dc1a9e453af17?s=96&d=mm&r=g\",\"contentUrl\":\"https:\/\/secure.gravatar.com\/avatar\/6e765dedcfab8a106b55be64c882415eafe6c57e2ffa8d8ed89dc1a9e453af17?s=96&d=mm&r=g\",\"caption\":\"Mehdi Adham\"},\"url\":\"https:\/\/shiawaves.com\/turkish\/author\/jabbarzadeh\/\"}]}<\/script>\n<!-- \/ Yoast SEO plugin. -->","yoast_head_json":{"title":"\u015eiilerin yedinci \u0130mami \u0130mam Musa Bin Cafer in (a.s) do\u011fum g\u00fcn\u00fc - ShiaWaves Turkish - \u015eia Haberleri","robots":{"index":"index","follow":"follow","max-snippet":"max-snippet:-1","max-image-preview":"max-image-preview:large","max-video-preview":"max-video-preview:-1"},"canonical":"https:\/\/shiawaves.com\/turkish\/2024\/06\/29\/siilerin-yedinci-imami-imam-musa-bin-cafer-in-a-s-dogum-gunu\/","og_locale":"tr_TR","og_type":"article","og_title":"\u015eiilerin yedinci \u0130mami \u0130mam Musa Bin Cafer in (a.s) do\u011fum g\u00fcn\u00fc - ShiaWaves Turkish - \u015eia Haberleri","og_description":"\u015eiilerin yedinci \u0130mami \u0130mam Musa Bin Cafer in (a.s) do\u011fum g\u00fcn\u00fc","og_url":"https:\/\/shiawaves.com\/turkish\/2024\/06\/29\/siilerin-yedinci-imami-imam-musa-bin-cafer-in-a-s-dogum-gunu\/","og_site_name":"ShiaWaves Turkish - \u015eia Haberleri","article_published_time":"2024-06-29T12:00:00+00:00","article_modified_time":"2024-06-29T11:46:03+00:00","og_image":[{"width":179,"height":168,"url":"https:\/\/shiawaves.com\/turkish\/wp-content\/uploads\/sites\/6\/2024\/06\/download.jpeg","type":"image\/jpeg"}],"author":"Mehdi Adham","twitter_card":"summary_large_image","twitter_misc":{"Yazan:":"Mehdi Adham","Tahmini okuma s\u00fcresi":"1 dakika"},"schema":{"@context":"https:\/\/schema.org","@graph":[{"@type":"WebPage","@id":"https:\/\/shiawaves.com\/turkish\/2024\/06\/29\/siilerin-yedinci-imami-imam-musa-bin-cafer-in-a-s-dogum-gunu\/","url":"https:\/\/shiawaves.com\/turkish\/2024\/06\/29\/siilerin-yedinci-imami-imam-musa-bin-cafer-in-a-s-dogum-gunu\/","name":"\u015eiilerin yedinci \u0130mami \u0130mam Musa Bin Cafer in (a.s) do\u011fum g\u00fcn\u00fc - ShiaWaves Turkish - \u015eia Haberleri","isPartOf":{"@id":"https:\/\/shiawaves.com\/turkish\/#website"},"primaryImageOfPage":{"@id":"https:\/\/shiawaves.com\/turkish\/2024\/06\/29\/siilerin-yedinci-imami-imam-musa-bin-cafer-in-a-s-dogum-gunu\/#primaryimage"},"image":{"@id":"https:\/\/shiawaves.com\/turkish\/2024\/06\/29\/siilerin-yedinci-imami-imam-musa-bin-cafer-in-a-s-dogum-gunu\/#primaryimage"},"thumbnailUrl":"https:\/\/shiawaves.com\/turkish\/wp-content\/uploads\/sites\/6\/2024\/06\/download.jpeg","datePublished":"2024-06-29T12:00:00+00:00","dateModified":"2024-06-29T11:46:03+00:00","author":{"@id":"https:\/\/shiawaves.com\/turkish\/#\/schema\/person\/9f40fcff214dbf0bb18ce08533d2b3d8"},"breadcrumb":{"@id":"https:\/\/shiawaves.com\/turkish\/2024\/06\/29\/siilerin-yedinci-imami-imam-musa-bin-cafer-in-a-s-dogum-gunu\/#breadcrumb"},"inLanguage":"tr","potentialAction":[{"@type":"ReadAction","target":["https:\/\/shiawaves.com\/turkish\/2024\/06\/29\/siilerin-yedinci-imami-imam-musa-bin-cafer-in-a-s-dogum-gunu\/"]}]},{"@type":"ImageObject","inLanguage":"tr","@id":"https:\/\/shiawaves.com\/turkish\/2024\/06\/29\/siilerin-yedinci-imami-imam-musa-bin-cafer-in-a-s-dogum-gunu\/#primaryimage","url":"https:\/\/shiawaves.com\/turkish\/wp-content\/uploads\/sites\/6\/2024\/06\/download.jpeg","contentUrl":"https:\/\/shiawaves.com\/turkish\/wp-content\/uploads\/sites\/6\/2024\/06\/download.jpeg","width":179,"height":168},{"@type":"BreadcrumbList","@id":"https:\/\/shiawaves.com\/turkish\/2024\/06\/29\/siilerin-yedinci-imami-imam-musa-bin-cafer-in-a-s-dogum-gunu\/#breadcrumb","itemListElement":[{"@type":"ListItem","position":1,"name":"Home","item":"https:\/\/shiawaves.com\/turkish\/"},{"@type":"ListItem","position":2,"name":"\u015eiilerin yedinci \u0130mami \u0130mam Musa Bin Cafer in (a.s) do\u011fum g\u00fcn\u00fc"}]},{"@type":"WebSite","@id":"https:\/\/shiawaves.com\/turkish\/#website","url":"https:\/\/shiawaves.com\/turkish\/","name":"ShiaWaves Turkish - \u015eia Haberleri","description":"","potentialAction":[{"@type":"SearchAction","target":{"@type":"EntryPoint","urlTemplate":"https:\/\/shiawaves.com\/turkish\/?s={search_term_string}"},"query-input":{"@type":"PropertyValueSpecification","valueRequired":true,"valueName":"search_term_string"}}],"inLanguage":"tr"},{"@type":"Person","@id":"https:\/\/shiawaves.com\/turkish\/#\/schema\/person\/9f40fcff214dbf0bb18ce08533d2b3d8","name":"Mehdi Adham","image":{"@type":"ImageObject","inLanguage":"tr","@id":"https:\/\/shiawaves.com\/turkish\/#\/schema\/person\/image\/","url":"https:\/\/secure.gravatar.com\/avatar\/6e765dedcfab8a106b55be64c882415eafe6c57e2ffa8d8ed89dc1a9e453af17?s=96&d=mm&r=g","contentUrl":"https:\/\/secure.gravatar.com\/avatar\/6e765dedcfab8a106b55be64c882415eafe6c57e2ffa8d8ed89dc1a9e453af17?s=96&d=mm&r=g","caption":"Mehdi Adham"},"url":"https:\/\/shiawaves.com\/turkish\/author\/jabbarzadeh\/"}]}},"_links":{"self":[{"href":"https:\/\/shiawaves.com\/turkish\/wp-json\/wp\/v2\/posts\/106317","targetHints":{"allow":["GET"]}}],"collection":[{"href":"https:\/\/shiawaves.com\/turkish\/wp-json\/wp\/v2\/posts"}],"about":[{"href":"https:\/\/shiawaves.com\/turkish\/wp-json\/wp\/v2\/types\/post"}],"author":[{"embeddable":true,"href":"https:\/\/shiawaves.com\/turkish\/wp-json\/wp\/v2\/users\/41"}],"replies":[{"embeddable":true,"href":"https:\/\/shiawaves.com\/turkish\/wp-json\/wp\/v2\/comments?post=106317"}],"version-history":[{"count":1,"href":"https:\/\/shiawaves.com\/turkish\/wp-json\/wp\/v2\/posts\/106317\/revisions"}],"predecessor-version":[{"id":106319,"href":"https:\/\/shiawaves.com\/turkish\/wp-json\/wp\/v2\/posts\/106317\/revisions\/106319"}],"wp:featuredmedia":[{"embeddable":true,"href":"https:\/\/shiawaves.com\/turkish\/wp-json\/wp\/v2\/media\/106318"}],"wp:attachment":[{"href":"https:\/\/shiawaves.com\/turkish\/wp-json\/wp\/v2\/media?parent=106317"}],"wp:term":[{"taxonomy":"category","embeddable":true,"href":"https:\/\/shiawaves.com\/turkish\/wp-json\/wp\/v2\/categories?post=106317"},{"taxonomy":"post_tag","embeddable":true,"href":"https:\/\/shiawaves.com\/turkish\/wp-json\/wp\/v2\/tags?post=106317"}],"curies":[{"name":"wp","href":"https:\/\/api.w.org\/{rel}","templated":true}]}}