{"id":106304,"date":"2024-06-29T13:25:00","date_gmt":"2024-06-29T10:25:00","guid":{"rendered":"https:\/\/shiawaves.com\/turkish\/?p=106304"},"modified":"2024-06-29T13:28:26","modified_gmt":"2024-06-29T10:28:26","slug":"necef-esrefte-4-milyondan-fazla-ziyaretci-katilimiyla-kadir-i-hum-bayramini-kutladi","status":"publish","type":"post","link":"https:\/\/shiawaves.com\/turkish\/2024\/06\/29\/necef-esrefte-4-milyondan-fazla-ziyaretci-katilimiyla-kadir-i-hum-bayramini-kutladi\/","title":{"rendered":"Necef E\u015fref&#8217;te 4 milyondan fazla ziyaret\u00e7i kat\u0131l\u0131m\u0131yla Kadir-i Hum Bayram\u0131n\u0131 kutlad\u0131"},"content":{"rendered":"\n<p>Hazrat\u0131 Emir el-M\u00fc&#8217;minin&#8217;in (a.s) kutsal t\u00fcrbesinin yetkileri, , kadir-i hum Bayram t\u00f6renine kat\u0131lan ziyaret\u00e7ilerin say\u0131s\u0131n\u0131n 4 milyondan fazla ki\u015fi oldu\u011funu tahmin ediyor.<br>Necef E\u015frefin valisin, Kadir-i hum Bayram\u0131 t\u00f6renine y\u00f6nelik g\u00fcvenlik ve hizmet ba\u015far\u0131s\u0131 \u00fcst seviyede oldu\u011funu ifade ederken, Alevi t\u00fcrbesi de bu t\u00f6rene kat\u0131lan ki\u015fi say\u0131s\u0131n\u0131n 4 milyonun \u00fczerinde oldu\u011funu a\u00e7\u0131kland\u0131.<\/p>\n\n\n\n<p><br>Ayr\u0131ca \u015funlar\u0131 ifade etti: Kutsal T\u00fcrbe personelinin yan\u0131 s\u0131ra kutsal t\u00fcrbeye gelen insanlarn hizmet etmek i\u00e7in 2 bin 500 g\u00f6n\u00fcll\u00fc de haz\u0131r oldu\u011funu ve 60&#8217;\u0131 a\u015fk\u0131n medya da bu etkinli\u011fin haberlerine yay\u0131nlamak i\u00e7in kat\u0131ld\u0131.<br>Necef E\u015fref Valisi Youssef Kanawi, d\u00fczenledi\u011fi bas\u0131n toplant\u0131s\u0131nda kadir-i hum bayram t\u00f6reninde durumu kontrol alt\u0131na almak i\u00e7in haz\u0131rlanan g\u00fcvenlik ve hizmet planlar\u0131n\u0131n ba\u015far\u0131s\u0131n\u0131 duyurdu ve bu t\u00f6rende herhangi bir olumsuz vaka can kayb\u0131, hatta ciddi yaralanman\u0131n ya\u015fanmad\u0131\u011f\u0131n\u0131 kay\u0131t etti .<br>ayr\u0131ca kanawi Irak \u0130\u00e7i\u015fleri ve Sa\u011fl\u0131k Bakanlar\u0131n\u0131n Necef E\u015fref teki Kadir-i hum t\u00f6reni i\u00e7in \u00f6zel planlar\u0131n ba\u015far\u0131 ge\u00e7ti\u011fini s\u00f6yledi, bu ba\u015far\u0131 g\u00fcvenlik ve di\u011fer hizmetlerde bizi destekleyen t\u00fcm kat\u0131l\u0131mc\u0131lar i\u00e7in oldu\u011fun vurgulad\u0131.<br>Necef E\u015fref Vilayet Meclisi G\u00fcvenlik Komitesi Ba\u015fkan\u0131 &#8220;Zayd Al-Shamhi&#8221; Kadir Bayram\u0131 t\u00f6reninin g\u00fcvenli\u011fini sa\u011flamak amac\u0131yla vilayetin polis komutanl\u0131\u011f\u0131ndan 12 bin mensubun ve di\u011fer 5 bin kuvvetin yan\u0131 s\u0131ra Halk Seferberlik \u00d6rg\u00fct\u00fc g\u00fc\u00e7lerinin de operasyona kat\u0131ld\u0131\u011f\u0131n\u0131 a\u00e7\u0131klad\u0131.<\/p>\n\n\n\n<p><\/p>\n\n\n\n<p><br>Irak&#8217;\u0131n resmi haber ajans\u0131 (WAA), Sal\u0131 ak\u015fam\u0131 internet sitesinde, Alavi Kutsal T\u00fcrbesi y\u00f6netim kurulu \u00fcyesi &#8220;Ahmad Al-Quraishi&#8221;nin, Kadir-i hum Bayram\u0131&#8217;na 4 milyonu a\u015fk\u0131n ki\u015fi kat\u0131ld\u0131. Necef E\u015fref&#8217;teki Emir\u00fcl M\u00fcmin&#8217;in kutsal t\u00fcrbesinde kadir-i hum t\u00f6renine kat\u0131lanlara bir milyonun \u00fczerinde yemek da\u011f\u0131t\u0131ld\u0131\u011f\u0131n\u0131 s\u00f6yledi. <\/p>\n\n\n\n<figure class=\"wp-block-image size-full\"><img loading=\"lazy\" decoding=\"async\" width=\"1024\" height=\"683\" src=\"https:\/\/shiawaves.com\/turkish\/wp-content\/uploads\/sites\/6\/2024\/06\/photo_2024-06-25_14-01-05-1-1024x683-1.jpg\" alt=\"\" class=\"wp-image-106305\" srcset=\"https:\/\/shiawaves.com\/turkish\/wp-content\/uploads\/sites\/6\/2024\/06\/photo_2024-06-25_14-01-05-1-1024x683-1.jpg 1024w, https:\/\/shiawaves.com\/turkish\/wp-content\/uploads\/sites\/6\/2024\/06\/photo_2024-06-25_14-01-05-1-1024x683-1-300x200.jpg 300w, https:\/\/shiawaves.com\/turkish\/wp-content\/uploads\/sites\/6\/2024\/06\/photo_2024-06-25_14-01-05-1-1024x683-1-768x512.jpg 768w\" sizes=\"auto, (max-width: 1024px) 100vw, 1024px\" \/><\/figure>\n","protected":false},"excerpt":{"rendered":"<p>Hazrat\u0131 Emir el-M\u00fc&#8217;minin&#8217;in (a.s) kutsal t\u00fcrbesinin yetkileri, , kadir-i hum Bayram t\u00f6renine kat\u0131lan ziyaret\u00e7ilerin say\u0131s\u0131n\u0131n 4 milyondan fazla ki\u015fi oldu\u011funu tahmin ediyor.Necef E\u015frefin valisin, Kadir-i hum Bayram\u0131 t\u00f6renine y\u00f6nelik g\u00fcvenlik ve hizmet ba\u015far\u0131s\u0131 \u00fcst seviyede oldu\u011funu ifade ederken, Alevi t\u00fcrbesi de bu t\u00f6rene kat\u0131lan ki\u015fi say\u0131s\u0131n\u0131n 4 milyonun \u00fczerinde oldu\u011funu a\u00e7\u0131kland\u0131. Ayr\u0131ca \u015funlar\u0131 ifade etti: &hellip;<\/p>\n","protected":false},"author":41,"featured_media":106305,"comment_status":"open","ping_status":"open","sticky":false,"template":"","format":"standard","meta":{"rop_custom_images_group":[],"rop_custom_messages_group":[],"rop_publish_now":"initial","rop_publish_now_accounts":[],"rop_publish_now_history":[],"rop_publish_now_status":"pending","footnotes":""},"categories":[30],"tags":[119,118,120],"class_list":["post-106304","post","type-post","status-publish","format-standard","has-post-thumbnail","hentry","category-atabat","tag-kadir-i-hum","tag-necef-esrefte","tag-necef-esrefte-4-milyondan-fazla-ziyaretci-katilimiyla-kadir-i-hum-bayramini-kutladi"],"_wp_page_template":null,"_wp_attached_file":null,"_wp_attachment_metadata":null,"_edit_lock":"1719656907:41","yoast_head":"<!-- This site is optimized with the Yoast SEO plugin v24.3 - https:\/\/yoast.com\/wordpress\/plugins\/seo\/ -->\n<title>Necef E\u015fref&#039;te 4 milyondan fazla ziyaret\u00e7i kat\u0131l\u0131m\u0131yla Kadir-i Hum Bayram\u0131n\u0131 kutlad\u0131 - ShiaWaves Turkish - \u015eia Haberleri<\/title>\n<meta name=\"robots\" content=\"index, follow, max-snippet:-1, max-image-preview:large, max-video-preview:-1\" \/>\n<link rel=\"canonical\" href=\"https:\/\/shiawaves.com\/turkish\/2024\/06\/29\/necef-esrefte-4-milyondan-fazla-ziyaretci-katilimiyla-kadir-i-hum-bayramini-kutladi\/\" \/>\n<meta property=\"og:locale\" content=\"tr_TR\" \/>\n<meta property=\"og:type\" content=\"article\" \/>\n<meta property=\"og:title\" content=\"Necef E\u015fref&#039;te 4 milyondan fazla ziyaret\u00e7i kat\u0131l\u0131m\u0131yla Kadir-i Hum Bayram\u0131n\u0131 kutlad\u0131 - ShiaWaves Turkish - \u015eia Haberleri\" \/>\n<meta property=\"og:description\" content=\"Hazrat\u0131 Emir el-M\u00fc&#8217;minin&#8217;in (a.s) kutsal t\u00fcrbesinin yetkileri, , kadir-i hum Bayram t\u00f6renine kat\u0131lan ziyaret\u00e7ilerin say\u0131s\u0131n\u0131n 4 milyondan fazla ki\u015fi oldu\u011funu tahmin ediyor.Necef E\u015frefin valisin, Kadir-i hum Bayram\u0131 t\u00f6renine y\u00f6nelik g\u00fcvenlik ve hizmet ba\u015far\u0131s\u0131 \u00fcst seviyede oldu\u011funu ifade ederken, Alevi t\u00fcrbesi de bu t\u00f6rene kat\u0131lan ki\u015fi say\u0131s\u0131n\u0131n 4 milyonun \u00fczerinde oldu\u011funu a\u00e7\u0131kland\u0131. Ayr\u0131ca \u015funlar\u0131 ifade etti: &hellip;\" \/>\n<meta property=\"og:url\" content=\"https:\/\/shiawaves.com\/turkish\/2024\/06\/29\/necef-esrefte-4-milyondan-fazla-ziyaretci-katilimiyla-kadir-i-hum-bayramini-kutladi\/\" \/>\n<meta property=\"og:site_name\" content=\"ShiaWaves Turkish - \u015eia Haberleri\" \/>\n<meta property=\"article:published_time\" content=\"2024-06-29T10:25:00+00:00\" \/>\n<meta property=\"article:modified_time\" content=\"2024-06-29T10:28:26+00:00\" \/>\n<meta property=\"og:image\" content=\"https:\/\/shiawaves.com\/turkish\/wp-content\/uploads\/sites\/6\/2024\/06\/photo_2024-06-25_14-01-05-1-1024x683-1.jpg\" \/>\n\t<meta property=\"og:image:width\" content=\"1024\" \/>\n\t<meta property=\"og:image:height\" content=\"683\" \/>\n\t<meta property=\"og:image:type\" content=\"image\/jpeg\" \/>\n<meta name=\"author\" content=\"Mehdi Adham\" \/>\n<meta name=\"twitter:card\" content=\"summary_large_image\" \/>\n<meta name=\"twitter:label1\" content=\"Yazan:\" \/>\n\t<meta name=\"twitter:data1\" content=\"Mehdi Adham\" \/>\n\t<meta name=\"twitter:label2\" content=\"Tahmini okuma s\u00fcresi\" \/>\n\t<meta name=\"twitter:data2\" content=\"2 dakika\" \/>\n<script type=\"application\/ld+json\" class=\"yoast-schema-graph\">{\"@context\":\"https:\/\/schema.org\",\"@graph\":[{\"@type\":\"WebPage\",\"@id\":\"https:\/\/shiawaves.com\/turkish\/2024\/06\/29\/necef-esrefte-4-milyondan-fazla-ziyaretci-katilimiyla-kadir-i-hum-bayramini-kutladi\/\",\"url\":\"https:\/\/shiawaves.com\/turkish\/2024\/06\/29\/necef-esrefte-4-milyondan-fazla-ziyaretci-katilimiyla-kadir-i-hum-bayramini-kutladi\/\",\"name\":\"Necef E\u015fref'te 4 milyondan fazla ziyaret\u00e7i kat\u0131l\u0131m\u0131yla Kadir-i Hum Bayram\u0131n\u0131 kutlad\u0131 - ShiaWaves Turkish - \u015eia Haberleri\",\"isPartOf\":{\"@id\":\"https:\/\/shiawaves.com\/turkish\/#website\"},\"primaryImageOfPage\":{\"@id\":\"https:\/\/shiawaves.com\/turkish\/2024\/06\/29\/necef-esrefte-4-milyondan-fazla-ziyaretci-katilimiyla-kadir-i-hum-bayramini-kutladi\/#primaryimage\"},\"image\":{\"@id\":\"https:\/\/shiawaves.com\/turkish\/2024\/06\/29\/necef-esrefte-4-milyondan-fazla-ziyaretci-katilimiyla-kadir-i-hum-bayramini-kutladi\/#primaryimage\"},\"thumbnailUrl\":\"https:\/\/shiawaves.com\/turkish\/wp-content\/uploads\/sites\/6\/2024\/06\/photo_2024-06-25_14-01-05-1-1024x683-1.jpg\",\"datePublished\":\"2024-06-29T10:25:00+00:00\",\"dateModified\":\"2024-06-29T10:28:26+00:00\",\"author\":{\"@id\":\"https:\/\/shiawaves.com\/turkish\/#\/schema\/person\/9f40fcff214dbf0bb18ce08533d2b3d8\"},\"breadcrumb\":{\"@id\":\"https:\/\/shiawaves.com\/turkish\/2024\/06\/29\/necef-esrefte-4-milyondan-fazla-ziyaretci-katilimiyla-kadir-i-hum-bayramini-kutladi\/#breadcrumb\"},\"inLanguage\":\"tr\",\"potentialAction\":[{\"@type\":\"ReadAction\",\"target\":[\"https:\/\/shiawaves.com\/turkish\/2024\/06\/29\/necef-esrefte-4-milyondan-fazla-ziyaretci-katilimiyla-kadir-i-hum-bayramini-kutladi\/\"]}]},{\"@type\":\"ImageObject\",\"inLanguage\":\"tr\",\"@id\":\"https:\/\/shiawaves.com\/turkish\/2024\/06\/29\/necef-esrefte-4-milyondan-fazla-ziyaretci-katilimiyla-kadir-i-hum-bayramini-kutladi\/#primaryimage\",\"url\":\"https:\/\/shiawaves.com\/turkish\/wp-content\/uploads\/sites\/6\/2024\/06\/photo_2024-06-25_14-01-05-1-1024x683-1.jpg\",\"contentUrl\":\"https:\/\/shiawaves.com\/turkish\/wp-content\/uploads\/sites\/6\/2024\/06\/photo_2024-06-25_14-01-05-1-1024x683-1.jpg\",\"width\":1024,\"height\":683,\"caption\":\"Hazrat\u0131 Emir el-M\u00fc'minin'in (a.s) kutsal t\u00fcrbesinin yetkileri, , kadir-i hum Bayram t\u00f6renine kat\u0131lan ziyaret\u00e7ilerin say\u0131s\u0131n\u0131n 4 milyondan fazla ki\u015fi oldu\u011funu tahmin ediyor.\"},{\"@type\":\"BreadcrumbList\",\"@id\":\"https:\/\/shiawaves.com\/turkish\/2024\/06\/29\/necef-esrefte-4-milyondan-fazla-ziyaretci-katilimiyla-kadir-i-hum-bayramini-kutladi\/#breadcrumb\",\"itemListElement\":[{\"@type\":\"ListItem\",\"position\":1,\"name\":\"Home\",\"item\":\"https:\/\/shiawaves.com\/turkish\/\"},{\"@type\":\"ListItem\",\"position\":2,\"name\":\"Necef E\u015fref&#8217;te 4 milyondan fazla ziyaret\u00e7i kat\u0131l\u0131m\u0131yla Kadir-i Hum Bayram\u0131n\u0131 kutlad\u0131\"}]},{\"@type\":\"WebSite\",\"@id\":\"https:\/\/shiawaves.com\/turkish\/#website\",\"url\":\"https:\/\/shiawaves.com\/turkish\/\",\"name\":\"ShiaWaves Turkish - \u015eia Haberleri\",\"description\":\"\",\"potentialAction\":[{\"@type\":\"SearchAction\",\"target\":{\"@type\":\"EntryPoint\",\"urlTemplate\":\"https:\/\/shiawaves.com\/turkish\/?s={search_term_string}\"},\"query-input\":{\"@type\":\"PropertyValueSpecification\",\"valueRequired\":true,\"valueName\":\"search_term_string\"}}],\"inLanguage\":\"tr\"},{\"@type\":\"Person\",\"@id\":\"https:\/\/shiawaves.com\/turkish\/#\/schema\/person\/9f40fcff214dbf0bb18ce08533d2b3d8\",\"name\":\"Mehdi Adham\",\"image\":{\"@type\":\"ImageObject\",\"inLanguage\":\"tr\",\"@id\":\"https:\/\/shiawaves.com\/turkish\/#\/schema\/person\/image\/\",\"url\":\"https:\/\/secure.gravatar.com\/avatar\/6e765dedcfab8a106b55be64c882415eafe6c57e2ffa8d8ed89dc1a9e453af17?s=96&d=mm&r=g\",\"contentUrl\":\"https:\/\/secure.gravatar.com\/avatar\/6e765dedcfab8a106b55be64c882415eafe6c57e2ffa8d8ed89dc1a9e453af17?s=96&d=mm&r=g\",\"caption\":\"Mehdi Adham\"},\"url\":\"https:\/\/shiawaves.com\/turkish\/author\/jabbarzadeh\/\"}]}<\/script>\n<!-- \/ Yoast SEO plugin. -->","yoast_head_json":{"title":"Necef E\u015fref'te 4 milyondan fazla ziyaret\u00e7i kat\u0131l\u0131m\u0131yla Kadir-i Hum Bayram\u0131n\u0131 kutlad\u0131 - ShiaWaves Turkish - \u015eia Haberleri","robots":{"index":"index","follow":"follow","max-snippet":"max-snippet:-1","max-image-preview":"max-image-preview:large","max-video-preview":"max-video-preview:-1"},"canonical":"https:\/\/shiawaves.com\/turkish\/2024\/06\/29\/necef-esrefte-4-milyondan-fazla-ziyaretci-katilimiyla-kadir-i-hum-bayramini-kutladi\/","og_locale":"tr_TR","og_type":"article","og_title":"Necef E\u015fref'te 4 milyondan fazla ziyaret\u00e7i kat\u0131l\u0131m\u0131yla Kadir-i Hum Bayram\u0131n\u0131 kutlad\u0131 - ShiaWaves Turkish - \u015eia Haberleri","og_description":"Hazrat\u0131 Emir el-M\u00fc&#8217;minin&#8217;in (a.s) kutsal t\u00fcrbesinin yetkileri, , kadir-i hum Bayram t\u00f6renine kat\u0131lan ziyaret\u00e7ilerin say\u0131s\u0131n\u0131n 4 milyondan fazla ki\u015fi oldu\u011funu tahmin ediyor.Necef E\u015frefin valisin, Kadir-i hum Bayram\u0131 t\u00f6renine y\u00f6nelik g\u00fcvenlik ve hizmet ba\u015far\u0131s\u0131 \u00fcst seviyede oldu\u011funu ifade ederken, Alevi t\u00fcrbesi de bu t\u00f6rene kat\u0131lan ki\u015fi say\u0131s\u0131n\u0131n 4 milyonun \u00fczerinde oldu\u011funu a\u00e7\u0131kland\u0131. Ayr\u0131ca \u015funlar\u0131 ifade etti: &hellip;","og_url":"https:\/\/shiawaves.com\/turkish\/2024\/06\/29\/necef-esrefte-4-milyondan-fazla-ziyaretci-katilimiyla-kadir-i-hum-bayramini-kutladi\/","og_site_name":"ShiaWaves Turkish - \u015eia Haberleri","article_published_time":"2024-06-29T10:25:00+00:00","article_modified_time":"2024-06-29T10:28:26+00:00","og_image":[{"width":1024,"height":683,"url":"https:\/\/shiawaves.com\/turkish\/wp-content\/uploads\/sites\/6\/2024\/06\/photo_2024-06-25_14-01-05-1-1024x683-1.jpg","type":"image\/jpeg"}],"author":"Mehdi Adham","twitter_card":"summary_large_image","twitter_misc":{"Yazan:":"Mehdi Adham","Tahmini okuma s\u00fcresi":"2 dakika"},"schema":{"@context":"https:\/\/schema.org","@graph":[{"@type":"WebPage","@id":"https:\/\/shiawaves.com\/turkish\/2024\/06\/29\/necef-esrefte-4-milyondan-fazla-ziyaretci-katilimiyla-kadir-i-hum-bayramini-kutladi\/","url":"https:\/\/shiawaves.com\/turkish\/2024\/06\/29\/necef-esrefte-4-milyondan-fazla-ziyaretci-katilimiyla-kadir-i-hum-bayramini-kutladi\/","name":"Necef E\u015fref'te 4 milyondan fazla ziyaret\u00e7i kat\u0131l\u0131m\u0131yla Kadir-i Hum Bayram\u0131n\u0131 kutlad\u0131 - ShiaWaves Turkish - \u015eia Haberleri","isPartOf":{"@id":"https:\/\/shiawaves.com\/turkish\/#website"},"primaryImageOfPage":{"@id":"https:\/\/shiawaves.com\/turkish\/2024\/06\/29\/necef-esrefte-4-milyondan-fazla-ziyaretci-katilimiyla-kadir-i-hum-bayramini-kutladi\/#primaryimage"},"image":{"@id":"https:\/\/shiawaves.com\/turkish\/2024\/06\/29\/necef-esrefte-4-milyondan-fazla-ziyaretci-katilimiyla-kadir-i-hum-bayramini-kutladi\/#primaryimage"},"thumbnailUrl":"https:\/\/shiawaves.com\/turkish\/wp-content\/uploads\/sites\/6\/2024\/06\/photo_2024-06-25_14-01-05-1-1024x683-1.jpg","datePublished":"2024-06-29T10:25:00+00:00","dateModified":"2024-06-29T10:28:26+00:00","author":{"@id":"https:\/\/shiawaves.com\/turkish\/#\/schema\/person\/9f40fcff214dbf0bb18ce08533d2b3d8"},"breadcrumb":{"@id":"https:\/\/shiawaves.com\/turkish\/2024\/06\/29\/necef-esrefte-4-milyondan-fazla-ziyaretci-katilimiyla-kadir-i-hum-bayramini-kutladi\/#breadcrumb"},"inLanguage":"tr","potentialAction":[{"@type":"ReadAction","target":["https:\/\/shiawaves.com\/turkish\/2024\/06\/29\/necef-esrefte-4-milyondan-fazla-ziyaretci-katilimiyla-kadir-i-hum-bayramini-kutladi\/"]}]},{"@type":"ImageObject","inLanguage":"tr","@id":"https:\/\/shiawaves.com\/turkish\/2024\/06\/29\/necef-esrefte-4-milyondan-fazla-ziyaretci-katilimiyla-kadir-i-hum-bayramini-kutladi\/#primaryimage","url":"https:\/\/shiawaves.com\/turkish\/wp-content\/uploads\/sites\/6\/2024\/06\/photo_2024-06-25_14-01-05-1-1024x683-1.jpg","contentUrl":"https:\/\/shiawaves.com\/turkish\/wp-content\/uploads\/sites\/6\/2024\/06\/photo_2024-06-25_14-01-05-1-1024x683-1.jpg","width":1024,"height":683,"caption":"Hazrat\u0131 Emir el-M\u00fc'minin'in (a.s) kutsal t\u00fcrbesinin yetkileri, , kadir-i hum Bayram t\u00f6renine kat\u0131lan ziyaret\u00e7ilerin say\u0131s\u0131n\u0131n 4 milyondan fazla ki\u015fi oldu\u011funu tahmin ediyor."},{"@type":"BreadcrumbList","@id":"https:\/\/shiawaves.com\/turkish\/2024\/06\/29\/necef-esrefte-4-milyondan-fazla-ziyaretci-katilimiyla-kadir-i-hum-bayramini-kutladi\/#breadcrumb","itemListElement":[{"@type":"ListItem","position":1,"name":"Home","item":"https:\/\/shiawaves.com\/turkish\/"},{"@type":"ListItem","position":2,"name":"Necef E\u015fref&#8217;te 4 milyondan fazla ziyaret\u00e7i kat\u0131l\u0131m\u0131yla Kadir-i Hum Bayram\u0131n\u0131 kutlad\u0131"}]},{"@type":"WebSite","@id":"https:\/\/shiawaves.com\/turkish\/#website","url":"https:\/\/shiawaves.com\/turkish\/","name":"ShiaWaves Turkish - \u015eia Haberleri","description":"","potentialAction":[{"@type":"SearchAction","target":{"@type":"EntryPoint","urlTemplate":"https:\/\/shiawaves.com\/turkish\/?s={search_term_string}"},"query-input":{"@type":"PropertyValueSpecification","valueRequired":true,"valueName":"search_term_string"}}],"inLanguage":"tr"},{"@type":"Person","@id":"https:\/\/shiawaves.com\/turkish\/#\/schema\/person\/9f40fcff214dbf0bb18ce08533d2b3d8","name":"Mehdi Adham","image":{"@type":"ImageObject","inLanguage":"tr","@id":"https:\/\/shiawaves.com\/turkish\/#\/schema\/person\/image\/","url":"https:\/\/secure.gravatar.com\/avatar\/6e765dedcfab8a106b55be64c882415eafe6c57e2ffa8d8ed89dc1a9e453af17?s=96&d=mm&r=g","contentUrl":"https:\/\/secure.gravatar.com\/avatar\/6e765dedcfab8a106b55be64c882415eafe6c57e2ffa8d8ed89dc1a9e453af17?s=96&d=mm&r=g","caption":"Mehdi Adham"},"url":"https:\/\/shiawaves.com\/turkish\/author\/jabbarzadeh\/"}]}},"_links":{"self":[{"href":"https:\/\/shiawaves.com\/turkish\/wp-json\/wp\/v2\/posts\/106304","targetHints":{"allow":["GET"]}}],"collection":[{"href":"https:\/\/shiawaves.com\/turkish\/wp-json\/wp\/v2\/posts"}],"about":[{"href":"https:\/\/shiawaves.com\/turkish\/wp-json\/wp\/v2\/types\/post"}],"author":[{"embeddable":true,"href":"https:\/\/shiawaves.com\/turkish\/wp-json\/wp\/v2\/users\/41"}],"replies":[{"embeddable":true,"href":"https:\/\/shiawaves.com\/turkish\/wp-json\/wp\/v2\/comments?post=106304"}],"version-history":[{"count":1,"href":"https:\/\/shiawaves.com\/turkish\/wp-json\/wp\/v2\/posts\/106304\/revisions"}],"predecessor-version":[{"id":106306,"href":"https:\/\/shiawaves.com\/turkish\/wp-json\/wp\/v2\/posts\/106304\/revisions\/106306"}],"wp:featuredmedia":[{"embeddable":true,"href":"https:\/\/shiawaves.com\/turkish\/wp-json\/wp\/v2\/media\/106305"}],"wp:attachment":[{"href":"https:\/\/shiawaves.com\/turkish\/wp-json\/wp\/v2\/media?parent=106304"}],"wp:term":[{"taxonomy":"category","embeddable":true,"href":"https:\/\/shiawaves.com\/turkish\/wp-json\/wp\/v2\/categories?post=106304"},{"taxonomy":"post_tag","embeddable":true,"href":"https:\/\/shiawaves.com\/turkish\/wp-json\/wp\/v2\/tags?post=106304"}],"curies":[{"name":"wp","href":"https:\/\/api.w.org\/{rel}","templated":true}]}}